{"id":2862,"date":"2023-05-12T12:50:32","date_gmt":"2023-05-12T10:50:32","guid":{"rendered":"https:\/\/ccoo.app\/sgab\/?p=2862"},"modified":"2023-05-15T09:49:19","modified_gmt":"2023-05-15T07:49:19","slug":"increments-salarials-i-millora-de-permisos","status":"publish","type":"post","link":"https:\/\/ccoo.app\/sgab\/increments-salarials-i-millora-de-permisos\/","title":{"rendered":"Primer comunicat de la secci\u00f3 sindical als empleats de SGAB Barcelona"},"content":{"rendered":"\n<figure class=\"wp-block-image size-large\"><img loading=\"lazy\" decoding=\"async\" width=\"1024\" height=\"564\" src=\"https:\/\/ccoo.app\/sgab\/wp-content\/blogs.dir\/6\/files\/sites\/205\/2023\/05\/increment-1-1024x564.png\" alt=\"Increment 1\" class=\"wp-image-2881\" srcset=\"https:\/\/ccoo.app\/sgab\/wp-content\/blogs.dir\/6\/files\/sites\/205\/2023\/05\/increment-1-1024x564.png 1024w, https:\/\/ccoo.app\/sgab\/wp-content\/blogs.dir\/6\/files\/sites\/205\/2023\/05\/increment-1-300x165.png 300w, https:\/\/ccoo.app\/sgab\/wp-content\/blogs.dir\/6\/files\/sites\/205\/2023\/05\/increment-1-768x423.png 768w, https:\/\/ccoo.app\/sgab\/wp-content\/blogs.dir\/6\/files\/sites\/205\/2023\/05\/increment-1.png 1412w\" sizes=\"auto, (max-width: 1024px) 100vw, 1024px\" \/><\/figure>\n\n\n\n<h3 class=\"wp-block-heading\">Informaci\u00f3 sobre l&#8217;increment salarial de 2023, els increments previstos actualment per als anys 2024 i 2025 i la ampliaci\u00f3 del perm\u00eds d&#8217;assumptes propis fins arribar a les 24 hores anuals.<\/h3>\n\n\n\n<div style=\"height:20px\" aria-hidden=\"true\" class=\"wp-block-spacer\"><\/div>\n\n\n\n<div class=\"wp-block-media-text alignwide has-media-on-the-right is-stacked-on-mobile\" style=\"grid-template-columns:auto 22%\"><div class=\"wp-block-media-text__content\">\n<h3 class=\"wp-block-heading\">Increment 2023<\/h3>\n\n\n\n<p>L&#8217;IPC Estatal 2023 ha tancat en un 5,7% i segons l&#8217;acord assolit, al desembre s&#8217;aplicar\u00e0 el 50% de l&#8217;IPC, i quedar\u00e0 com a resultat 2,85% + 0,5% (3,35%). Un increment que ja ser\u00e0 d&#8217;aplicaci\u00f3 a la n\u00f2mina del mes de gener 2023.<\/p>\n<\/div><figure class=\"wp-block-media-text__media\"><img loading=\"lazy\" decoding=\"async\" width=\"176\" height=\"136\" src=\"https:\/\/ccoo.app\/sgab\/wp-content\/blogs.dir\/6\/files\/sites\/205\/2023\/05\/3-35-1.png\" alt=\"3 35 1\" class=\"wp-image-2877 size-full\"\/><\/figure><\/div>\n\n\n\n<div class=\"wp-block-media-text alignwide has-media-on-the-right is-stacked-on-mobile\" style=\"grid-template-columns:auto 22%\"><div class=\"wp-block-media-text__content\">\n<h3 class=\"wp-block-heading\">A diferir el 2024 i 2025<\/h3>\n\n\n\n<p>Per als anys 2024 i 2025 el percentatge diferit ser\u00e0 l&#8217;1,425% + IPC 2023 ( m\u00e0xim 3,5% i m\u00ednim 1%) i IPC 2024 (m\u00e0xim 3% i m\u00ednim 1%).<\/p>\n<\/div><figure class=\"wp-block-media-text__media\"><img loading=\"lazy\" decoding=\"async\" width=\"184\" height=\"136\" src=\"https:\/\/ccoo.app\/sgab\/wp-content\/blogs.dir\/6\/files\/sites\/205\/2023\/05\/2-85.png\" alt=\"2 85\" class=\"wp-image-2878 size-full\"\/><\/figure><\/div>\n\n\n\n<div class=\"wp-block-media-text alignwide has-media-on-the-right is-stacked-on-mobile\" style=\"grid-template-columns:auto 22%\"><div class=\"wp-block-media-text__content\">\n<h3 class=\"wp-block-heading\">Assumptes propis<\/h3>\n\n\n\n<p>Per a l&#8217;any 2023, hem aconseguit incrementar les hores d&#8217;assumptes propis en 8 hores, per el que ara disposarem de fins a 24 hores anuals de perm\u00eds.<\/p>\n<\/div><figure class=\"wp-block-media-text__media\"><img loading=\"lazy\" decoding=\"async\" width=\"184\" height=\"136\" src=\"https:\/\/ccoo.app\/sgab\/wp-content\/blogs.dir\/6\/files\/sites\/205\/2023\/05\/24.png\" alt=\"24\" class=\"wp-image-2879 size-full\"\/><\/figure><\/div>\n\n\n\n<div class=\"wp-block-buttons is-layout-flex wp-block-buttons-is-layout-flex\">\n<div class=\"wp-block-button is-style-fill\"><a class=\"wp-block-button__link wp-element-button\" href=\"http:\/\/ccoo.app\/sgab\/wp-content\/blogs.dir\/6\/files\/sites\/205\/2023\/05\/comunicat-increment-2023-i-millora-2.png\" target=\"_blank\" rel=\"noreferrer noopener\">Descarrega el comunicat<\/a><\/div>\n<\/div>\n","protected":false},"excerpt":{"rendered":"<p>Informaci\u00f3 sobre l&#8217;increment salarial de 2023, els increments previstos actualment per als anys 2024 i 2025 i la ampliaci\u00f3 del perm\u00eds d&#8217;assumptes propis fins arribar a les 24 hores anuals. &#8230; <a title=\"Primer comunicat de la secci\u00f3 sindical als empleats de SGAB Barcelona\" class=\"read-more\" href=\"https:\/\/ccoo.app\/sgab\/increments-salarials-i-millora-de-permisos\/\" aria-label=\"M\u00e9s informaci\u00f3 sobre Primer comunicat de la secci\u00f3 sindical als empleats de SGAB Barcelona\">Read more<\/a><\/p>\n","protected":false},"author":4886,"featured_media":2881,"comment_status":"closed","ping_status":"closed","sticky":false,"template":"","format":"standard","meta":{"footnotes":""},"categories":[15],"tags":[],"class_list":["post-2862","post","type-post","status-publish","format-standard","has-post-thumbnail","hentry","category-comunicats","generate-columns","tablet-grid-50","mobile-grid-100","grid-parent","grid-33"],"_links":{"self":[{"href":"https:\/\/ccoo.app\/sgab\/wp-json\/wp\/v2\/posts\/2862","targetHints":{"allow":["GET"]}}],"collection":[{"href":"https:\/\/ccoo.app\/sgab\/wp-json\/wp\/v2\/posts"}],"about":[{"href":"https:\/\/ccoo.app\/sgab\/wp-json\/wp\/v2\/types\/post"}],"author":[{"embeddable":true,"href":"https:\/\/ccoo.app\/sgab\/wp-json\/wp\/v2\/users\/4886"}],"replies":[{"embeddable":true,"href":"https:\/\/ccoo.app\/sgab\/wp-json\/wp\/v2\/comments?post=2862"}],"version-history":[{"count":6,"href":"https:\/\/ccoo.app\/sgab\/wp-json\/wp\/v2\/posts\/2862\/revisions"}],"predecessor-version":[{"id":2884,"href":"https:\/\/ccoo.app\/sgab\/wp-json\/wp\/v2\/posts\/2862\/revisions\/2884"}],"wp:featuredmedia":[{"embeddable":true,"href":"https:\/\/ccoo.app\/sgab\/wp-json\/wp\/v2\/media\/2881"}],"wp:attachment":[{"href":"https:\/\/ccoo.app\/sgab\/wp-json\/wp\/v2\/media?parent=2862"}],"wp:term":[{"taxonomy":"category","embeddable":true,"href":"https:\/\/ccoo.app\/sgab\/wp-json\/wp\/v2\/categories?post=2862"},{"taxonomy":"post_tag","embeddable":true,"href":"https:\/\/ccoo.app\/sgab\/wp-json\/wp\/v2\/tags?post=2862"}],"curies":[{"name":"wp","href":"https:\/\/api.w.org\/{rel}","templated":true}]}}