{"id":2394,"date":"2021-03-04T17:39:19","date_gmt":"2021-03-04T16:39:19","guid":{"rendered":"https:\/\/ccoorenault.es\/?p=2394"},"modified":"2022-02-02T20:00:53","modified_gmt":"2022-02-02T19:00:53","slug":"al-ano-de-baja-hay-que-tramitar-el-pago-directo","status":"publish","type":"post","link":"https:\/\/ccoo.app\/renault\/al-ano-de-baja-hay-que-tramitar-el-pago-directo\/","title":{"rendered":"AL A\u00d1O DE BAJA HAY QUE TRAMITAR EL PAGO DIRECTO"},"content":{"rendered":"<p>Hemos detectado la falta de informaci\u00f3n existente tanto por la empresa, como la empresa Asepeyo, a las personas que, al llegar a una baja IT de 1 a\u00f1os, donde ASEPEYO se hace cargo de los pagos de nuestras prestaciones, antes pago autom\u00e1tico, ahora, para percibir el abono de la prestaci\u00f3n de BAJA a partir del a\u00f1o, es necesario entregar una documentaci\u00f3n para dicho abono, pero que no se informa de tal tramite, provocando, ya casos, de no percibir los abonos correspondientes a la prestaci\u00f3n.<\/p>\n<p>Este proceso de llama PAGO DIRECTO, por lo que es necesario hacer dicho tr\u00e1mite antes de llegar al a\u00f1o de baja.<\/p>\n<p>Os explicamos como tramitarlo en el enlace.<\/p>\n<p><a href=\"http:\/\/ccoo.app\/renault\/wp-content\/blogs.dir\/6\/files\/sites\/147\/2021\/06\/pago-directo-baja.pdf\">PAGO DIRECTO BAJA<\/a>    \t<\/p>\n","protected":false},"excerpt":{"rendered":"<p>Hemos detectado la falta de informaci\u00f3n existente tanto por la empresa, como la empresa Asepeyo, a las personas que, al llegar a una baja IT de 1 a\u00f1os, donde ASEPEYO &#8230; <a title=\"AL A\u00d1O DE BAJA HAY QUE TRAMITAR EL PAGO DIRECTO\" class=\"read-more\" href=\"https:\/\/ccoo.app\/renault\/al-ano-de-baja-hay-que-tramitar-el-pago-directo\/\" aria-label=\"Leer m\u00e1s sobre AL A\u00d1O DE BAJA HAY QUE TRAMITAR EL PAGO DIRECTO\">Leer m\u00e1s<\/a><\/p>\n","protected":false},"author":5275,"featured_media":2187,"comment_status":"closed","ping_status":"open","sticky":false,"template":"","format":"standard","meta":{"footnotes":""},"categories":[27],"tags":[],"class_list":["post-2394","post","type-post","status-publish","format-standard","has-post-thumbnail","hentry","category-sabiasque","generate-columns","tablet-grid-50","mobile-grid-100","grid-parent","grid-33"],"_links":{"self":[{"href":"https:\/\/ccoo.app\/renault\/wp-json\/wp\/v2\/posts\/2394","targetHints":{"allow":["GET"]}}],"collection":[{"href":"https:\/\/ccoo.app\/renault\/wp-json\/wp\/v2\/posts"}],"about":[{"href":"https:\/\/ccoo.app\/renault\/wp-json\/wp\/v2\/types\/post"}],"author":[{"embeddable":true,"href":"https:\/\/ccoo.app\/renault\/wp-json\/wp\/v2\/users\/5275"}],"replies":[{"embeddable":true,"href":"https:\/\/ccoo.app\/renault\/wp-json\/wp\/v2\/comments?post=2394"}],"version-history":[{"count":1,"href":"https:\/\/ccoo.app\/renault\/wp-json\/wp\/v2\/posts\/2394\/revisions"}],"predecessor-version":[{"id":2818,"href":"https:\/\/ccoo.app\/renault\/wp-json\/wp\/v2\/posts\/2394\/revisions\/2818"}],"wp:featuredmedia":[{"embeddable":true,"href":"https:\/\/ccoo.app\/renault\/wp-json\/wp\/v2\/media\/2187"}],"wp:attachment":[{"href":"https:\/\/ccoo.app\/renault\/wp-json\/wp\/v2\/media?parent=2394"}],"wp:term":[{"taxonomy":"category","embeddable":true,"href":"https:\/\/ccoo.app\/renault\/wp-json\/wp\/v2\/categories?post=2394"},{"taxonomy":"post_tag","embeddable":true,"href":"https:\/\/ccoo.app\/renault\/wp-json\/wp\/v2\/tags?post=2394"}],"curies":[{"name":"wp","href":"https:\/\/api.w.org\/{rel}","templated":true}]}}