{"id":2069,"date":"2019-11-28T16:26:51","date_gmt":"2019-11-28T15:26:51","guid":{"rendered":"http:\/\/ccoorenault.es\/?p=2069"},"modified":"2022-02-02T20:01:36","modified_gmt":"2022-02-02T19:01:36","slug":"segunda-reunion-de-calendario-laboral-2020-renault","status":"publish","type":"post","link":"https:\/\/ccoo.app\/renault\/segunda-reunion-de-calendario-laboral-2020-renault\/","title":{"rendered":"Segunda Reuni\u00f3n de Calendario Laboral 2020 Renault"},"content":{"rendered":"<p>La Direcci\u00f3n de la Empresa, nos ha contestado que dado al cambio y evoluci\u00f3n de la normativa que se producir\u00e1 a partir de 1 de enero de 2020, no acepta la propuesta realizada por la Representaci\u00f3n de los Trabajadores en la anterior reuni\u00f3n, por tanto mantiene las fechas de vacaciones para los centros de trabajo de:<\/p>\n<p>Valladolid, Palencia y Madrid <strong>ser\u00e1n del 03 de agosto al 25 de agosto y las vacaciones de navidad ser\u00e1n del 24 al 31 de diciembre.<\/strong><\/p>\n<p>Sevilla las fechas de vacaciones ser\u00e1n las siguientes del <strong>27 de julio al 18 de agosto y las vacaciones de navidad ser\u00e1n del 24 al 31 de diciembre<\/strong> y la cl\u00e1usula de provisionalidad.<\/p>\n<p>CCOO junto al resto de organizaciones despu\u00e9s de un receso hemos manifestado nuestro acuerdo con las fechas propuestas por la Direcci\u00f3n de la Empresa, por tanto, nos remitimos al convenio colectivo y <strong>no cabe la cl\u00e1usula de provisionalidad tal y como establece el art 12 del Convenio Colectivo de Renault Espa\u00f1a.<\/strong><\/p>\n<p>Nuevo Acuerdo Marco Evoluci\u00f3n de la Vida Laboral<\/p>\n<p>La direcci\u00f3n de la empresa ha presentado dicho acuerdo firmado en el Comit\u00e9 de Grupo Renault por CCOO basado en cinco ejes:<\/p>\n<p>Un di\u00e1logo sobre la evoluci\u00f3n del mundo laboral<\/p>\n<p>Un sistema de Management colaborativo<\/p>\n<p>Un compromiso permanente por la inclusi\u00f3n<\/p>\n<p>Un equilibrio de los ritmos de vida<\/p>\n<p>La adaptaci\u00f3n del marco de trabajo.<\/p>\n<p>CCOO hemos manifestado que, aunque somos firmantes, nos parece un \u201cAcuerdo d\u00e9bil y de muy limitada intensidad para su implementaci\u00f3n\u201d, pero no un Acuerdo lesivo para los derechos laborales y sindicales en el Grupo, ni en los \u00e1mbitos locales de su potencial aplicaci\u00f3n. Y esta argumentaci\u00f3n nos lleva a considerar que ser\u00eda deseable que mejor\u00e1semos en alguna de sus dimensiones.\u00a0Por lo tanto, pedimos que se cupla el Art 6,2 de dicho acuerdo, desarrollando y negociando en Espa\u00f1a su aplicaci\u00f3n.<\/p>\n<p>En varios, Previsi\u00f3n de aplicaci\u00f3n bolsas de d\u00edas de paradas cercanas a las vacaciones de navidad.<\/p>\n<p>\u2022 Sevilla parada el d\u00eda 20 de diciembre 2019 y volver\u00e1 el d\u00eda 2 de enero 2020.<\/p>\n<p>\u2022 Carr\/ Montaje iniciara Vacaciones seg\u00fan Calendario y pararan por bolsa el d\u00eda<br \/>\n2,3,7,8 y en estudio 9 y 10 de enero de 2020.<\/p>\n<p>\u2022 Palencia iniciara Vacaciones seg\u00fan Calendario y pararan por bolsa el d\u00eda 2 y 3<br \/>\nen estudio 7 de enero de 2020.<\/p>\n<p>\u2022 Motores y DDCC no ah\u00ed previsi\u00f3n de aplicaci\u00f3n de bolsa, por ahora.<\/p>\n<p>Esta informaci\u00f3n es provisional y deber\u00e1 ser confirmada.    \t<\/p>\n","protected":false},"excerpt":{"rendered":"<p>La Direcci\u00f3n de la Empresa, nos ha contestado que dado al cambio y evoluci\u00f3n de la normativa que se producir\u00e1 a partir de 1 de enero de 2020, no acepta &#8230; <a title=\"Segunda Reuni\u00f3n de Calendario Laboral 2020 Renault\" class=\"read-more\" href=\"https:\/\/ccoo.app\/renault\/segunda-reunion-de-calendario-laboral-2020-renault\/\" aria-label=\"Leer m\u00e1s sobre Segunda Reuni\u00f3n de Calendario Laboral 2020 Renault\">Leer m\u00e1s<\/a><\/p>\n","protected":false},"author":5275,"featured_media":2070,"comment_status":"closed","ping_status":"closed","sticky":false,"template":"","format":"standard","meta":{"footnotes":""},"categories":[3,22,46,47,48],"tags":[],"class_list":["post-2069","post","type-post","status-publish","format-standard","has-post-thumbnail","hentry","category-noticias","category-app-push-renault-madrid","category-app-push-renault-palencia","category-app-push-renault-sevilla","category-app-push-renault-valladolid","generate-columns","tablet-grid-50","mobile-grid-100","grid-parent","grid-33"],"_links":{"self":[{"href":"https:\/\/ccoo.app\/renault\/wp-json\/wp\/v2\/posts\/2069","targetHints":{"allow":["GET"]}}],"collection":[{"href":"https:\/\/ccoo.app\/renault\/wp-json\/wp\/v2\/posts"}],"about":[{"href":"https:\/\/ccoo.app\/renault\/wp-json\/wp\/v2\/types\/post"}],"author":[{"embeddable":true,"href":"https:\/\/ccoo.app\/renault\/wp-json\/wp\/v2\/users\/5275"}],"replies":[{"embeddable":true,"href":"https:\/\/ccoo.app\/renault\/wp-json\/wp\/v2\/comments?post=2069"}],"version-history":[{"count":1,"href":"https:\/\/ccoo.app\/renault\/wp-json\/wp\/v2\/posts\/2069\/revisions"}],"predecessor-version":[{"id":2858,"href":"https:\/\/ccoo.app\/renault\/wp-json\/wp\/v2\/posts\/2069\/revisions\/2858"}],"wp:featuredmedia":[{"embeddable":true,"href":"https:\/\/ccoo.app\/renault\/wp-json\/wp\/v2\/media\/2070"}],"wp:attachment":[{"href":"https:\/\/ccoo.app\/renault\/wp-json\/wp\/v2\/media?parent=2069"}],"wp:term":[{"taxonomy":"category","embeddable":true,"href":"https:\/\/ccoo.app\/renault\/wp-json\/wp\/v2\/categories?post=2069"},{"taxonomy":"post_tag","embeddable":true,"href":"https:\/\/ccoo.app\/renault\/wp-json\/wp\/v2\/tags?post=2069"}],"curies":[{"name":"wp","href":"https:\/\/api.w.org\/{rel}","templated":true}]}}