{"id":171,"date":"2018-12-21T18:35:18","date_gmt":"2018-12-21T17:35:18","guid":{"rendered":"http:\/\/tru.cat\/acomo-disfrutar-las-vacaciones-no-colectivas\/"},"modified":"2022-02-02T20:07:47","modified_gmt":"2022-02-02T19:07:47","slug":"acomo-disfrutar-las-vacaciones-no-colectivas","status":"publish","type":"post","link":"https:\/\/ccoo.app\/renault\/acomo-disfrutar-las-vacaciones-no-colectivas\/","title":{"rendered":"\u00bfCOMO DISFRUTAR LAS VACACIONES NO COLECTIVAS?"},"content":{"rendered":"<p style=\"text-align: justify\">Cuando la empresa, mediante notificaci\u00f3n, nos hace trabajar en vacaciones, tenemos unos tramites para su posterior disfrute. En el documento adjunto podr\u00e9is ver como y cuando disfrutar esos d\u00edas.<\/p>\n<p style=\"text-align: justify\"><span class=\"tiny_negrita\">R\u00c9GIMEN ESPECIAL PARA EL DISFRUTE DE VACACIONES NO COLECTIVAS (BOLSA DE VACACIONES)<\/span><\/p>\n<p><img loading=\"lazy\" decoding=\"async\" class=\"alignnone size-large wp-image-1145\" src=\"http:\/\/ccoo.app\/renault\/wp-content\/blogs.dir\/6\/files\/sites\/147\/2019\/02\/tablavacaciones-1024x384.jpg\" alt=\"\" width=\"640\" height=\"240\" srcset=\"https:\/\/ccoo.app\/renault\/wp-content\/blogs.dir\/6\/files\/sites\/147\/2019\/02\/tablavacaciones-1024x384.jpg 1024w, https:\/\/ccoo.app\/renault\/wp-content\/blogs.dir\/6\/files\/sites\/147\/2019\/02\/tablavacaciones-300x113.jpg 300w, https:\/\/ccoo.app\/renault\/wp-content\/blogs.dir\/6\/files\/sites\/147\/2019\/02\/tablavacaciones-768x288.jpg 768w, https:\/\/ccoo.app\/renault\/wp-content\/blogs.dir\/6\/files\/sites\/147\/2019\/02\/tablavacaciones-1536x576.jpg 1536w, https:\/\/ccoo.app\/renault\/wp-content\/blogs.dir\/6\/files\/sites\/147\/2019\/02\/tablavacaciones-2048x768.jpg 2048w\" sizes=\"auto, (max-width: 640px) 100vw, 640px\" \/><\/p>\n<p style=\"text-align: justify\">1. Los trabajadores\/as que por necesidades del servicio no puedan disfrutar sus vacaciones de forma colectiva, gozaran de un derecho de opci\u00f3n a su favor, consistente en el\u00a0<span class=\"tiny_negrita\">disfrute de unas vacaciones suplementarias, o bien el abono de una bolsa especial de vacaciones<\/span>, siempre que estas\u00a0<span class=\"tiny_negrita\">no se hallen comprendidas entre los d\u00edas 1 de julio al 14 de septiembre y 22 de diciembre al 10 de enero tanto para las principales como para las de navidad.<\/span><\/p>\n<p style=\"text-align: justify\">2. Sin prejuicio de la normativa legal aplicable en cada caso,\u00a0<span class=\"tiny_negrita\">la empresa, dentro de lo posible, procurara atender la petici\u00f3n del trabajador\/a en cuanto a las fechas de disfrute de las vacaciones desplazadas.<\/span><\/p>\n<p style=\"text-align: justify\">3. Cuando un trabajador, de acuerdo con lo establecido en los n\u00fameros precedentes, disfrute el total de sus vacaciones principales o de navidad dentro de un periodo de los se\u00f1alados, estos beneficios se le aplicaran seg\u00fan el n\u00famero de d\u00edas comprendidos en cada periodo.<\/p>\n<p style=\"text-align: justify\">Se entiende por vacaciones principales las que de forma colectiva disfruta la mayor\u00eda de la plantilla ininterrumpidamente y preferentemente en verano.<\/p>\n<p style=\"text-align: justify\"><span class=\"tiny_negrita\">Los d\u00edas de vacaciones se deber\u00e1n disfrutar en los tiempos comprendicos de vacaciones de verano (Agosto) del a\u00f1o que se generan, hasta las vacaciones de verano del a\u00f1o siguiente.<\/span><\/p>\n<p style=\"text-align: justify\">NOTA:<br \/>\nEl disfrute de vacaciones fuera de los periodos indicados, no devengara BOLSA DE VACACIONES ni VACACI\u00d3N SUPLEMENTARIA.<\/p>\n","protected":false},"excerpt":{"rendered":"<p>Cuando la empresa, mediante notificaci\u00f3n, nos hace trabajar en vacaciones, tenemos unos tramites para su posterior disfrute. En el documento adjunto podr\u00e9is ver como y cuando disfrutar esos d\u00edas. R\u00c9GIMEN &#8230; <a title=\"\u00bfCOMO DISFRUTAR LAS VACACIONES NO COLECTIVAS?\" class=\"read-more\" href=\"https:\/\/ccoo.app\/renault\/acomo-disfrutar-las-vacaciones-no-colectivas\/\" aria-label=\"Leer m\u00e1s sobre \u00bfCOMO DISFRUTAR LAS VACACIONES NO COLECTIVAS?\">Leer m\u00e1s<\/a><\/p>\n","protected":false},"author":5275,"featured_media":1132,"comment_status":"closed","ping_status":"open","sticky":false,"template":"","format":"standard","meta":{"footnotes":""},"categories":[3],"tags":[54],"class_list":["post-171","post","type-post","status-publish","format-standard","has-post-thumbnail","hentry","category-noticias","tag-renault","generate-columns","tablet-grid-50","mobile-grid-100","grid-parent","grid-33"],"_links":{"self":[{"href":"https:\/\/ccoo.app\/renault\/wp-json\/wp\/v2\/posts\/171","targetHints":{"allow":["GET"]}}],"collection":[{"href":"https:\/\/ccoo.app\/renault\/wp-json\/wp\/v2\/posts"}],"about":[{"href":"https:\/\/ccoo.app\/renault\/wp-json\/wp\/v2\/types\/post"}],"author":[{"embeddable":true,"href":"https:\/\/ccoo.app\/renault\/wp-json\/wp\/v2\/users\/5275"}],"replies":[{"embeddable":true,"href":"https:\/\/ccoo.app\/renault\/wp-json\/wp\/v2\/comments?post=171"}],"version-history":[{"count":1,"href":"https:\/\/ccoo.app\/renault\/wp-json\/wp\/v2\/posts\/171\/revisions"}],"predecessor-version":[{"id":2996,"href":"https:\/\/ccoo.app\/renault\/wp-json\/wp\/v2\/posts\/171\/revisions\/2996"}],"wp:featuredmedia":[{"embeddable":true,"href":"https:\/\/ccoo.app\/renault\/wp-json\/wp\/v2\/media\/1132"}],"wp:attachment":[{"href":"https:\/\/ccoo.app\/renault\/wp-json\/wp\/v2\/media?parent=171"}],"wp:term":[{"taxonomy":"category","embeddable":true,"href":"https:\/\/ccoo.app\/renault\/wp-json\/wp\/v2\/categories?post=171"},{"taxonomy":"post_tag","embeddable":true,"href":"https:\/\/ccoo.app\/renault\/wp-json\/wp\/v2\/tags?post=171"}],"curies":[{"name":"wp","href":"https:\/\/api.w.org\/{rel}","templated":true}]}}