{"id":6626,"date":"2020-11-04T17:56:05","date_gmt":"2020-11-04T16:56:05","guid":{"rendered":"https:\/\/ccooinditex.com\/?p=5318"},"modified":"2022-03-22T16:18:26","modified_gmt":"2022-03-22T15:18:26","slug":"medidas-aragon-covid-19-desde-las-0000-horas-del-dia-6-de-noviembre","status":"publish","type":"post","link":"https:\/\/ccoo.app\/inditex\/medidas-aragon-covid-19-desde-las-0000-horas-del-dia-6-de-noviembre\/","title":{"rendered":"MEDIDAS ARAG\u00d3N COVID-19, desde las 00:00 horas del d\u00eda 6 de noviembre"},"content":{"rendered":"<p>&lt;!<\/p>\n<div dir=\"auto\">El <a class=\"oajrlxb2 g5ia77u1 qu0x051f esr5mh6w e9989ue4 r7d6kgcz rq0escxv nhd2j8a9 nc684nl6 p7hjln8o kvgmc6g5 cxmmr5t8 oygrvhab hcukyx3x jb3vyjys rz4wbd8a qt6c0cv9 a8nywdso i1ao9s8h esuyzwwr f1sip0of lzcic4wl q66pz984 gpro0wi8 b1v8xokw\" role=\"link\" href=\"https:\/\/www.facebook.com\/hashtag\/boa?__eep__=6&amp;__cft__[0]=AZWvH8P2yX-TBZcF1eXR81NLVMCND5CuUiGwwD_o4jTsNnUg2h2v6fCaTCKNYmz31wLepWSmvRFD8YTMsLggtnRqtNgKkTIq4xQgDEIiZ8-qRyjTd3NXUSOFjE767E-Nchl1eLmED-dg3B0RJ_wVC1bPGFzfomdYUI6SDclexdNSisqFYU11ND2-V9by0zkpQDY&amp;__tn__=*NK-R\">#BOA<\/a> publica hoy el <a class=\"oajrlxb2 g5ia77u1 qu0x051f esr5mh6w e9989ue4 r7d6kgcz rq0escxv nhd2j8a9 nc684nl6 p7hjln8o kvgmc6g5 cxmmr5t8 oygrvhab hcukyx3x jb3vyjys rz4wbd8a qt6c0cv9 a8nywdso i1ao9s8h esuyzwwr f1sip0of lzcic4wl q66pz984 gpro0wi8 b1v8xokw\" role=\"link\" href=\"https:\/\/www.facebook.com\/hashtag\/decreto?__eep__=6&amp;__cft__[0]=AZWvH8P2yX-TBZcF1eXR81NLVMCND5CuUiGwwD_o4jTsNnUg2h2v6fCaTCKNYmz31wLepWSmvRFD8YTMsLggtnRqtNgKkTIq4xQgDEIiZ8-qRyjTd3NXUSOFjE767E-Nchl1eLmED-dg3B0RJ_wVC1bPGFzfomdYUI6SDclexdNSisqFYU11ND2-V9by0zkpQDY&amp;__tn__=*NK-R\">#Decreto<\/a> por el que se restringe la entrada y salida de personas en los \u00e1mbitos territoriales de:<\/div>\n<div dir=\"auto\">a) Provincia de <a class=\"oajrlxb2 g5ia77u1 qu0x051f esr5mh6w e9989ue4 r7d6kgcz rq0escxv nhd2j8a9 nc684nl6 p7hjln8o kvgmc6g5 cxmmr5t8 oygrvhab hcukyx3x jb3vyjys rz4wbd8a qt6c0cv9 a8nywdso i1ao9s8h esuyzwwr f1sip0of lzcic4wl q66pz984 gpro0wi8 b1v8xokw\" role=\"link\" href=\"https:\/\/www.facebook.com\/hashtag\/huesca?__eep__=6&amp;__cft__[0]=AZWvH8P2yX-TBZcF1eXR81NLVMCND5CuUiGwwD_o4jTsNnUg2h2v6fCaTCKNYmz31wLepWSmvRFD8YTMsLggtnRqtNgKkTIq4xQgDEIiZ8-qRyjTd3NXUSOFjE767E-Nchl1eLmED-dg3B0RJ_wVC1bPGFzfomdYUI6SDclexdNSisqFYU11ND2-V9by0zkpQDY&amp;__tn__=*NK-R\">#Huesca<\/a>.<\/div>\n<div dir=\"auto\">b) Provincia de <a class=\"oajrlxb2 g5ia77u1 qu0x051f esr5mh6w e9989ue4 r7d6kgcz rq0escxv nhd2j8a9 nc684nl6 p7hjln8o kvgmc6g5 cxmmr5t8 oygrvhab hcukyx3x jb3vyjys rz4wbd8a qt6c0cv9 a8nywdso i1ao9s8h esuyzwwr f1sip0of lzcic4wl q66pz984 gpro0wi8 b1v8xokw\" role=\"link\" href=\"https:\/\/www.facebook.com\/hashtag\/teruel?__eep__=6&amp;__cft__[0]=AZWvH8P2yX-TBZcF1eXR81NLVMCND5CuUiGwwD_o4jTsNnUg2h2v6fCaTCKNYmz31wLepWSmvRFD8YTMsLggtnRqtNgKkTIq4xQgDEIiZ8-qRyjTd3NXUSOFjE767E-Nchl1eLmED-dg3B0RJ_wVC1bPGFzfomdYUI6SDclexdNSisqFYU11ND2-V9by0zkpQDY&amp;__tn__=*NK-R\">#Teruel<\/a>.<\/div>\n<div dir=\"auto\">c) Provincia de <a class=\"oajrlxb2 g5ia77u1 qu0x051f esr5mh6w e9989ue4 r7d6kgcz rq0escxv nhd2j8a9 nc684nl6 p7hjln8o kvgmc6g5 cxmmr5t8 oygrvhab hcukyx3x jb3vyjys rz4wbd8a qt6c0cv9 a8nywdso i1ao9s8h esuyzwwr f1sip0of lzcic4wl q66pz984 gpro0wi8 b1v8xokw\" role=\"link\" href=\"https:\/\/www.facebook.com\/hashtag\/zaragoza?__eep__=6&amp;__cft__[0]=AZWvH8P2yX-TBZcF1eXR81NLVMCND5CuUiGwwD_o4jTsNnUg2h2v6fCaTCKNYmz31wLepWSmvRFD8YTMsLggtnRqtNgKkTIq4xQgDEIiZ8-qRyjTd3NXUSOFjE767E-Nchl1eLmED-dg3B0RJ_wVC1bPGFzfomdYUI6SDclexdNSisqFYU11ND2-V9by0zkpQDY&amp;__tn__=*NK-R\">#Zaragoza<\/a>.<\/div>\n<div dir=\"auto\">d) Comunidad Aut\u00f3noma de <a class=\"oajrlxb2 g5ia77u1 qu0x051f esr5mh6w e9989ue4 r7d6kgcz rq0escxv nhd2j8a9 nc684nl6 p7hjln8o kvgmc6g5 cxmmr5t8 oygrvhab hcukyx3x jb3vyjys rz4wbd8a qt6c0cv9 a8nywdso i1ao9s8h esuyzwwr f1sip0of lzcic4wl q66pz984 gpro0wi8 b1v8xokw\" role=\"link\" href=\"https:\/\/www.facebook.com\/hashtag\/arag%C3%B3n?__eep__=6&amp;__cft__[0]=AZWvH8P2yX-TBZcF1eXR81NLVMCND5CuUiGwwD_o4jTsNnUg2h2v6fCaTCKNYmz31wLepWSmvRFD8YTMsLggtnRqtNgKkTIq4xQgDEIiZ8-qRyjTd3NXUSOFjE767E-Nchl1eLmED-dg3B0RJ_wVC1bPGFzfomdYUI6SDclexdNSisqFYU11ND2-V9by0zkpQDY&amp;__tn__=*NK-R\">#Arag\u00f3n<\/a><\/div>\n<div dir=\"auto\">.<\/div>\n<div dir=\"auto\"><span class=\"pq6dq46d tbxw36s4 knj5qynh kvgmc6g5 ditlmg2l oygrvhab nvdbi5me sf5mxxl7 gl3lb2sf hhz5lgdu\"><img loading=\"lazy\" decoding=\"async\" src=\"https:\/\/static.xx.fbcdn.net\/images\/emoji.php\/v9\/t7e\/1\/16\/1f4c5.png\" alt=\"\ud83d\udcc5\" width=\"16\" height=\"16\" \/><\/span> Desde las 00:00 horas del d\u00eda 6 de noviembre de 2020 hasta las 24:00 del d\u00eda 30 de noviembre de 2020.<\/div>\n<div dir=\"auto\">.<\/div>\n<div dir=\"auto\">Cierre de la hosteler\u00eda y toda la actividad no esencial a las 20:00h, cierre total de gimnasios y de la actividad deportiva en interior y cierre total de locales de juego.<\/div>\n<div dir=\"auto\">.<\/div>\n<div dir=\"auto\">Asimismo se mantienen las limitaciones de entrada y salida de personas de los municipios de Huesca, Teruel y Zaragoza, que se hab\u00edan establecido por Decreto publicado el 21 de octubre.<\/div>\n<div dir=\"auto\"><\/div>\n<div dir=\"auto\">BOA: <a href=\"http:\/\/ccoo.app\/inditex\/wp-content\/blogs.dir\/6\/files\/sites\/119\/2020\/11\/brscgi-2.pdf\">BRSCGI<\/a><\/div>\n<p>&gt;    \t<\/p>\n","protected":false},"excerpt":{"rendered":"<p>&lt;! El #BOA publica hoy el #Decreto por el que se restringe la entrada y salida de personas en los \u00e1mbitos territoriales de: a) Provincia de #Huesca. b) Provincia de &#8230; <a title=\"MEDIDAS ARAG\u00d3N COVID-19, desde las 00:00 horas del d\u00eda 6 de noviembre\" class=\"read-more\" href=\"https:\/\/ccoo.app\/inditex\/medidas-aragon-covid-19-desde-las-0000-horas-del-dia-6-de-noviembre\/\" aria-label=\"Leer m\u00e1s sobre MEDIDAS ARAG\u00d3N COVID-19, desde las 00:00 horas del d\u00eda 6 de noviembre\">Leer m\u00e1s<\/a><\/p>\n","protected":false},"author":5190,"featured_media":5322,"comment_status":"closed","ping_status":"open","sticky":false,"template":"","format":"standard","meta":{"footnotes":""},"categories":[136,14],"tags":[],"class_list":["post-6626","post","type-post","status-publish","format-standard","has-post-thumbnail","hentry","category-noticias-plataforma-europa","category-plataforma-europa","generate-columns","tablet-grid-50","mobile-grid-100","grid-parent","grid-33"],"_links":{"self":[{"href":"https:\/\/ccoo.app\/inditex\/wp-json\/wp\/v2\/posts\/6626","targetHints":{"allow":["GET"]}}],"collection":[{"href":"https:\/\/ccoo.app\/inditex\/wp-json\/wp\/v2\/posts"}],"about":[{"href":"https:\/\/ccoo.app\/inditex\/wp-json\/wp\/v2\/types\/post"}],"author":[{"embeddable":true,"href":"https:\/\/ccoo.app\/inditex\/wp-json\/wp\/v2\/users\/5190"}],"replies":[{"embeddable":true,"href":"https:\/\/ccoo.app\/inditex\/wp-json\/wp\/v2\/comments?post=6626"}],"version-history":[{"count":1,"href":"https:\/\/ccoo.app\/inditex\/wp-json\/wp\/v2\/posts\/6626\/revisions"}],"predecessor-version":[{"id":7464,"href":"https:\/\/ccoo.app\/inditex\/wp-json\/wp\/v2\/posts\/6626\/revisions\/7464"}],"wp:featuredmedia":[{"embeddable":true,"href":"https:\/\/ccoo.app\/inditex\/wp-json\/wp\/v2\/media\/5322"}],"wp:attachment":[{"href":"https:\/\/ccoo.app\/inditex\/wp-json\/wp\/v2\/media?parent=6626"}],"wp:term":[{"taxonomy":"category","embeddable":true,"href":"https:\/\/ccoo.app\/inditex\/wp-json\/wp\/v2\/categories?post=6626"},{"taxonomy":"post_tag","embeddable":true,"href":"https:\/\/ccoo.app\/inditex\/wp-json\/wp\/v2\/tags?post=6626"}],"curies":[{"name":"wp","href":"https:\/\/api.w.org\/{rel}","templated":true}]}}