{"id":6608,"date":"2020-06-25T09:00:18","date_gmt":"2020-06-25T07:00:18","guid":{"rendered":"https:\/\/ccooinditex.com\/?p=4764"},"modified":"2022-03-22T16:19:15","modified_gmt":"2022-03-22T15:19:15","slug":"28j-dia-internacional-del-orgullo-lgtbi","status":"publish","type":"post","link":"https:\/\/ccoo.app\/inditex\/28j-dia-internacional-del-orgullo-lgtbi\/","title":{"rendered":"28J D\u00eda Internacional del Orgullo LGTBI+"},"content":{"rendered":"<p>&lt;!<span class=\"tiny_negrita\">SE ACERCA\u00a0<\/span>un nuevo D\u00eda del Orgullo LGTBI+ y CCOO desea reiterar su compromiso en frenar la LGTBIfobia, en un a\u00f1o especialmente complicado y azotado por la pandemia del coronavirus.<br \/>\nSer\u00e1n las mujeres lesbianas, trans y bisexuales las protagonistas del orgullo de este a\u00f1o que reivindicar\u00e1 m\u00e1s feminismo y m\u00e1s derechos. Porque ser lesbiana, trans o bisexual significa enfrentarse tanto al machismo imperante como a la LGTBifobia.<br \/>\n<span class=\"tiny_negrita\">La crisis<\/span>\u00a0sanitaria y tambi\u00e9n social y econ\u00f3mica ha hecho emerger problemas enquistados. Quienes ya part\u00edan de una situaci\u00f3n de vulnerabilidad no pueden ver a\u00fan m\u00e1s agravadas sus condiciones de vida.<br \/>\nCuando decimos #STOPLGTBIfobia queremos incidir en barrer la intolerancia y los prejuicios sociales que todav\u00eda perviven en relaci\u00f3n a las personas LGTBI+.<br \/>\nCuando decimos #STOPLGTBifobia nos reafirmamos en la necesidad de avanzar en derechos para todas las personas LGTBI+.<br \/>\nEste Orgullo 2020, organizado por la Federaci\u00f3n Estatal de Lesbianas, Gais, Trans y Bisexuales (FELGTB) se celebrar\u00e1 el pr\u00f3ximo d\u00eda 4 de julio, con una manifestaci\u00f3n virtual bajo el lema \u201cSororidad y feminismo para TRANSformar. \u00a1Mujeres lesbianas, trans y bisexuales en acci\u00f3n! \u00a1Por las m\u00e1s vulnerables!\u201d.<br \/>\nUna manifestaci\u00f3n reivindicativa y, al mismo tiempo festiva, a la que CCOO se sumar\u00e1, como viene siendo habitual, a trav\u00e9s de este 28J D\u00eda Internacional del Orgullo LGTBI+ y a la que sumamos nuestra participaci\u00f3n en la manifestaci\u00f3n virtual del 4 de julio.<br \/>\n<a href=\"http:\/\/ccoo.app\/inditex\/wp-content\/blogs.dir\/6\/files\/sites\/119\/2020\/06\/manifiesto-ccoo-orgullo-2020-1.pdf\">Manifiesto CCOO Orgullo 2020<\/a><br \/>\n<img loading=\"lazy\" decoding=\"async\" class=\"alignnone size-medium wp-image-4765\" src=\"http:\/\/ccoo.app\/inditex\/wp-content\/blogs.dir\/6\/files\/sites\/119\/2020\/06\/31isfhg49el-_ac_sx450_-1-300x225.jpg\" alt=\"\" width=\"300\" height=\"225\" \/><img loading=\"lazy\" decoding=\"async\" class=\"alignnone wp-image-4766\" src=\"http:\/\/ccoo.app\/inditex\/wp-content\/blogs.dir\/6\/files\/sites\/119\/2020\/06\/84e48c418df5dc8464be9d3a3cf3a047000001-1-300x150.png\" alt=\"\" width=\"448\" height=\"224\" \/>&gt;    \t<\/p>\n","protected":false},"excerpt":{"rendered":"<p>&lt;!SE ACERCA\u00a0un nuevo D\u00eda del Orgullo LGTBI+ y CCOO desea reiterar su compromiso en frenar la LGTBIfobia, en un a\u00f1o especialmente complicado y azotado por la pandemia del coronavirus. Ser\u00e1n &#8230; <a title=\"28J D\u00eda Internacional del Orgullo LGTBI+\" class=\"read-more\" href=\"https:\/\/ccoo.app\/inditex\/28j-dia-internacional-del-orgullo-lgtbi\/\" aria-label=\"Leer m\u00e1s sobre 28J D\u00eda Internacional del Orgullo LGTBI+\">Leer m\u00e1s<\/a><\/p>\n","protected":false},"author":5190,"featured_media":4766,"comment_status":"closed","ping_status":"open","sticky":false,"template":"","format":"standard","meta":{"footnotes":""},"categories":[3],"tags":[],"class_list":["post-6608","post","type-post","status-publish","format-standard","has-post-thumbnail","hentry","category-noticias","generate-columns","tablet-grid-50","mobile-grid-100","grid-parent","grid-33"],"_links":{"self":[{"href":"https:\/\/ccoo.app\/inditex\/wp-json\/wp\/v2\/posts\/6608","targetHints":{"allow":["GET"]}}],"collection":[{"href":"https:\/\/ccoo.app\/inditex\/wp-json\/wp\/v2\/posts"}],"about":[{"href":"https:\/\/ccoo.app\/inditex\/wp-json\/wp\/v2\/types\/post"}],"author":[{"embeddable":true,"href":"https:\/\/ccoo.app\/inditex\/wp-json\/wp\/v2\/users\/5190"}],"replies":[{"embeddable":true,"href":"https:\/\/ccoo.app\/inditex\/wp-json\/wp\/v2\/comments?post=6608"}],"version-history":[{"count":1,"href":"https:\/\/ccoo.app\/inditex\/wp-json\/wp\/v2\/posts\/6608\/revisions"}],"predecessor-version":[{"id":7558,"href":"https:\/\/ccoo.app\/inditex\/wp-json\/wp\/v2\/posts\/6608\/revisions\/7558"}],"wp:featuredmedia":[{"embeddable":true,"href":"https:\/\/ccoo.app\/inditex\/wp-json\/wp\/v2\/media\/4766"}],"wp:attachment":[{"href":"https:\/\/ccoo.app\/inditex\/wp-json\/wp\/v2\/media?parent=6608"}],"wp:term":[{"taxonomy":"category","embeddable":true,"href":"https:\/\/ccoo.app\/inditex\/wp-json\/wp\/v2\/categories?post=6608"},{"taxonomy":"post_tag","embeddable":true,"href":"https:\/\/ccoo.app\/inditex\/wp-json\/wp\/v2\/tags?post=6608"}],"curies":[{"name":"wp","href":"https:\/\/api.w.org\/{rel}","templated":true}]}}