{"id":6607,"date":"2020-06-21T18:45:28","date_gmt":"2020-06-21T16:45:28","guid":{"rendered":"https:\/\/ccooinditex.com\/?p=4741"},"modified":"2022-03-22T16:19:18","modified_gmt":"2022-03-22T15:19:18","slug":"comite-de-empresa-extraordinario-dia-19-junio-2020","status":"publish","type":"post","link":"https:\/\/ccoo.app\/inditex\/comite-de-empresa-extraordinario-dia-19-junio-2020\/","title":{"rendered":"Comit\u00e9 de empresa extraordinario, d\u00eda 19 junio 2020"},"content":{"rendered":"<p>&lt;!<\/p>\n<ul>\n<li>En cuanto a la tarea online, desalarmado y diversas reoperaciones el Director nos comunica, que se prev\u00e9 que seguiremos realiz\u00e1ndolas hasta finales de Julio, pero no van a pasar a ser tareas definitivas en Plataforma Europa, ya que las realizamos ante la falta de trabajo en el almac\u00e9n y es un trabajo puntual.La previsi\u00f3n era que se realizaran estas funciones hasta final de julio, pero en funci\u00f3n de la evoluci\u00f3n podr\u00eda adelantarse a mediados de julio.<\/li>\n<li>Respecto a las evaluaciones de los puestos nuevos (on line, desalarmado y reoperaciones varias) se realizaran desde el Comit\u00e9 de Seguridad y Salud y el t\u00e9cnico de prevenci\u00f3n est\u00e1 al corriente de esta petici\u00f3n.<\/li>\n<li>En cuanto a las horas extras de este domingo 21 de junio ,van a venir 20 personas de Confecci\u00f3n y Descargas ante el aumento de llegada de camiones el domingo y as\u00ed dejar preparada la facturaci\u00f3n del lado 0<\/li>\n<li>Sobre la paga de beneficios (540 euros en dos meses ,270 cada mes) todav\u00eda la empresa no ha confirmado que vaya a ser este mes, en cuanto tengan noticias oficiales, nos lo comunicaran ya que no depende del centro de Zaragoza.<\/li>\n<\/ul>\n<p>&nbsp;<\/p>\n<ul>\n<li>En cuanto a la paga extra de junio la empresa nos comunica, que el personal sensible que estuvo de baja a consecuencia del Covid ha tenido dos situaciones diferentes en sus n\u00f3minas:<\/li>\n<\/ul>\n<p>1. El personal sin baja m\u00e9dica ha cobrado el 100% de la paga de junio<br \/>\n2. El personal con baja m\u00e9dica, no la ha cobrado entera porque el tiempo que han permanecido de baja m\u00e9dica en sus casas han cobrado parte proporcional de la paga en sus n\u00f3minas, llegando a cobrar m\u00e1s que un mes normal.<br \/>\n&nbsp;<\/p>\n<ul>\n<li>A su vez nos comunican que van a tener que realizar ajustes en las n\u00f3minas de 33 personas de la tarde que han estado de baja y han detectado que han cobrado de m\u00e1s.<\/li>\n<\/ul>\n<p>&nbsp;<\/p>\n<ul>\n<li>La contrataci\u00f3n, tema que preocupa a todos los compa\u00f1eros y compa\u00f1eras que permanecen fuera, la empresa comunica que en 1-2 semanas tendr\u00e1n la previsi\u00f3n de pedidos de tiendas y que podr\u00e1n estimar el n\u00famero aproximado de personas que pueden necesitar, si la carga de trabajo va en aumento, necesitaran m\u00e1s personal, pero a d\u00eda de hoy, no pueden concretar m\u00e1s respecto a este tema.<\/li>\n<\/ul>\n<p>&nbsp;<\/p>\n<ul>\n<li>En cuanto las inversiones previstas, (Silo , comedor nuevo) todo est\u00e1 paralizado hasta que esta situaci\u00f3n de incertidumbre provocada por el Covid, no desaparezca.<\/li>\n<\/ul>\n<p>Se ha trasladado la incertidumbre y el rumor que corre por el almac\u00e9n de los supuestos 20 despidos que parece ser se iban a producir al final de a\u00f1o, la empresa ha desmentido rotundamente esta noticia de la que no ten\u00eda conocimiento alguno.<br \/>\nPara terminar en cuanto a la recuperaci\u00f3n del permiso retribuido recuperable de tps 4\u00ba turno y tps que no acumulan todo el a\u00f1o. la Empresa nos comunica que al personal voluntario de tps del 4\u00ba turno y Tps que no estaban acumulando todo el a\u00f1o y que ten\u00edan ajustes hasta final de a\u00f1o, les han calendado para recuperar el permiso los primeros d\u00edas de acumulaci\u00f3n, el personal que no est\u00e9 de acuerdo con esta situaci\u00f3n , pueden llamar a RRHH para cambiarlo&gt;    \t<\/p>\n","protected":false},"excerpt":{"rendered":"<p>&lt;! En cuanto a la tarea online, desalarmado y diversas reoperaciones el Director nos comunica, que se prev\u00e9 que seguiremos realiz\u00e1ndolas hasta finales de Julio, pero no van a pasar &#8230; <a title=\"Comit\u00e9 de empresa extraordinario, d\u00eda 19 junio 2020\" class=\"read-more\" href=\"https:\/\/ccoo.app\/inditex\/comite-de-empresa-extraordinario-dia-19-junio-2020\/\" aria-label=\"Leer m\u00e1s sobre Comit\u00e9 de empresa extraordinario, d\u00eda 19 junio 2020\">Leer m\u00e1s<\/a><\/p>\n","protected":false},"author":5190,"featured_media":4743,"comment_status":"closed","ping_status":"open","sticky":false,"template":"","format":"standard","meta":{"footnotes":""},"categories":[136,14],"tags":[],"class_list":["post-6607","post","type-post","status-publish","format-standard","has-post-thumbnail","hentry","category-noticias-plataforma-europa","category-plataforma-europa","generate-columns","tablet-grid-50","mobile-grid-100","grid-parent","grid-33"],"_links":{"self":[{"href":"https:\/\/ccoo.app\/inditex\/wp-json\/wp\/v2\/posts\/6607","targetHints":{"allow":["GET"]}}],"collection":[{"href":"https:\/\/ccoo.app\/inditex\/wp-json\/wp\/v2\/posts"}],"about":[{"href":"https:\/\/ccoo.app\/inditex\/wp-json\/wp\/v2\/types\/post"}],"author":[{"embeddable":true,"href":"https:\/\/ccoo.app\/inditex\/wp-json\/wp\/v2\/users\/5190"}],"replies":[{"embeddable":true,"href":"https:\/\/ccoo.app\/inditex\/wp-json\/wp\/v2\/comments?post=6607"}],"version-history":[{"count":1,"href":"https:\/\/ccoo.app\/inditex\/wp-json\/wp\/v2\/posts\/6607\/revisions"}],"predecessor-version":[{"id":7563,"href":"https:\/\/ccoo.app\/inditex\/wp-json\/wp\/v2\/posts\/6607\/revisions\/7563"}],"wp:featuredmedia":[{"embeddable":true,"href":"https:\/\/ccoo.app\/inditex\/wp-json\/wp\/v2\/media\/4743"}],"wp:attachment":[{"href":"https:\/\/ccoo.app\/inditex\/wp-json\/wp\/v2\/media?parent=6607"}],"wp:term":[{"taxonomy":"category","embeddable":true,"href":"https:\/\/ccoo.app\/inditex\/wp-json\/wp\/v2\/categories?post=6607"},{"taxonomy":"post_tag","embeddable":true,"href":"https:\/\/ccoo.app\/inditex\/wp-json\/wp\/v2\/tags?post=6607"}],"curies":[{"name":"wp","href":"https:\/\/api.w.org\/{rel}","templated":true}]}}