{"id":6603,"date":"2020-06-03T11:03:48","date_gmt":"2020-06-03T09:03:48","guid":{"rendered":"https:\/\/ccooinditex.com\/?p=4641"},"modified":"2022-03-22T16:19:31","modified_gmt":"2022-03-22T15:19:31","slug":"ingreso-minimo-vital-imv","status":"publish","type":"post","link":"https:\/\/ccoo.app\/inditex\/ingreso-minimo-vital-imv\/","title":{"rendered":"Ingreso M\u00ednimo Vital (IMV)"},"content":{"rendered":"<p>&lt;!<\/p>\n<h2>\u00bfQu\u00e9 es el ingreso m\u00ednimo vital o IMV?<\/h2>\n<div class=\"indent\">&#8211; Se trata de una prestaci\u00f3n no contributiva fruto de un derecho subjetivo de las personas en situaci\u00f3n de vulnerabilidad econ\u00f3mica.<br \/>\n&#8211; Queda regulado al\u00a0<a href=\"https:\/\/www.boe.es\/boe\/dias\/2020\/06\/01\/pdfs\/BOE-A-2020-5493.pdf\" target=\"_blank\" rel=\"noopener noreferrer\">RDL 20\/2020, de 29 de mayo (BOE 1 de junio)<\/a>.<br \/>\n&#8211; Quiere prevenir y luchar contra el riesgo de pobreza y exclusi\u00f3n social de las personas que\u00a0<strong>viven solas o que formen parte de una unidad de convivencia sin recursos econ\u00f3micos suficientes<\/strong>\u00a0para la cobertura de sus necesidades b\u00e1sicas.<br \/>\n&#8211; El Gobierno plantea que puede llegar hasta 850.000 familias \/ personas en situaci\u00f3n de pobreza.<br \/>\n&#8211; Ha sido aprobado por el Consejo de Ministros el 29 de mayo de 2020 y ser\u00e1 posible solicitarlo a partir del 15 de junio de 2020 con efectos retroactivos de cobro a d\u00eda 1 de junio de 2020.<\/div>\n<div><\/div>\n<div><a href=\"http:\/\/ccoo.app\/inditex\/wp-content\/blogs.dir\/6\/files\/sites\/119\/2020\/06\/guia-ingreso-minimo-vital-ccoo-1.pdf\">Guia Ingreso Minimo Vital CCOO<\/a><\/div>\n<p>&gt;    \t<\/p>\n","protected":false},"excerpt":{"rendered":"<p>&lt;! \u00bfQu\u00e9 es el ingreso m\u00ednimo vital o IMV? &#8211; Se trata de una prestaci\u00f3n no contributiva fruto de un derecho subjetivo de las personas en situaci\u00f3n de vulnerabilidad econ\u00f3mica. &#8230; <a title=\"Ingreso M\u00ednimo Vital (IMV)\" class=\"read-more\" href=\"https:\/\/ccoo.app\/inditex\/ingreso-minimo-vital-imv\/\" aria-label=\"Leer m\u00e1s sobre Ingreso M\u00ednimo Vital (IMV)\">Leer m\u00e1s<\/a><\/p>\n","protected":false},"author":5190,"featured_media":4639,"comment_status":"closed","ping_status":"open","sticky":false,"template":"","format":"standard","meta":{"footnotes":""},"categories":[3],"tags":[],"class_list":["post-6603","post","type-post","status-publish","format-standard","has-post-thumbnail","hentry","category-noticias","generate-columns","tablet-grid-50","mobile-grid-100","grid-parent","grid-33"],"_links":{"self":[{"href":"https:\/\/ccoo.app\/inditex\/wp-json\/wp\/v2\/posts\/6603","targetHints":{"allow":["GET"]}}],"collection":[{"href":"https:\/\/ccoo.app\/inditex\/wp-json\/wp\/v2\/posts"}],"about":[{"href":"https:\/\/ccoo.app\/inditex\/wp-json\/wp\/v2\/types\/post"}],"author":[{"embeddable":true,"href":"https:\/\/ccoo.app\/inditex\/wp-json\/wp\/v2\/users\/5190"}],"replies":[{"embeddable":true,"href":"https:\/\/ccoo.app\/inditex\/wp-json\/wp\/v2\/comments?post=6603"}],"version-history":[{"count":1,"href":"https:\/\/ccoo.app\/inditex\/wp-json\/wp\/v2\/posts\/6603\/revisions"}],"predecessor-version":[{"id":7586,"href":"https:\/\/ccoo.app\/inditex\/wp-json\/wp\/v2\/posts\/6603\/revisions\/7586"}],"wp:featuredmedia":[{"embeddable":true,"href":"https:\/\/ccoo.app\/inditex\/wp-json\/wp\/v2\/media\/4639"}],"wp:attachment":[{"href":"https:\/\/ccoo.app\/inditex\/wp-json\/wp\/v2\/media?parent=6603"}],"wp:term":[{"taxonomy":"category","embeddable":true,"href":"https:\/\/ccoo.app\/inditex\/wp-json\/wp\/v2\/categories?post=6603"},{"taxonomy":"post_tag","embeddable":true,"href":"https:\/\/ccoo.app\/inditex\/wp-json\/wp\/v2\/tags?post=6603"}],"curies":[{"name":"wp","href":"https:\/\/api.w.org\/{rel}","templated":true}]}}