{"id":6602,"date":"2020-06-05T10:49:11","date_gmt":"2020-06-05T08:49:11","guid":{"rendered":"https:\/\/ccooinditex.com\/?p=4638"},"modified":"2022-03-22T16:19:30","modified_gmt":"2022-03-22T15:19:30","slug":"dia-internacional-del-medio-ambiente","status":"publish","type":"post","link":"https:\/\/ccoo.app\/inditex\/dia-internacional-del-medio-ambiente\/","title":{"rendered":"D\u00eda Internacional del Medio Ambiente"},"content":{"rendered":"<p>&lt;!Con motivo del D\u00eda Internacional del Medio Ambiente, CCOO de Industria celebrar\u00e1 su primera asamblea virtual. Hoy, 5 de junio el sindicato, en el marco del convenio de colaboraci\u00f3n que suscribi\u00f3 con Ecoembes, organiza una jornada de reflexi\u00f3n y debate colectivo que girar\u00e1 en torno al tema \u201cCambiar de vida para cambiar el mundo\u201d. En el mismo participan delegados y delegadas de CCOO de Industria en Inditex.<br \/>\nEn el d\u00eda Mundial del Medio Ambiente, CCOO insta al Gobierno a aprovechar los recursos econ\u00f3micos anunciados por la Comisi\u00f3n Europea para para reorientar el actual modelo de desarrollo hacia uno m\u00e1s sostenible social, econ\u00f3mica y medioambientalmente.<br \/>\n<img loading=\"lazy\" decoding=\"async\" class=\"alignnone size-medium wp-image-4639\" src=\"http:\/\/ccoo.app\/inditex\/wp-content\/blogs.dir\/6\/files\/sites\/119\/2020\/06\/102848898_3057400997648812_3311324084754710528_o-1-300x300.jpg\" alt=\"\" width=\"300\" height=\"300\" \/>&gt;    \t<\/p>\n","protected":false},"excerpt":{"rendered":"<p>&lt;!Con motivo del D\u00eda Internacional del Medio Ambiente, CCOO de Industria celebrar\u00e1 su primera asamblea virtual. Hoy, 5 de junio el sindicato, en el marco del convenio de colaboraci\u00f3n que &#8230; <a title=\"D\u00eda Internacional del Medio Ambiente\" class=\"read-more\" href=\"https:\/\/ccoo.app\/inditex\/dia-internacional-del-medio-ambiente\/\" aria-label=\"Leer m\u00e1s sobre D\u00eda Internacional del Medio Ambiente\">Leer m\u00e1s<\/a><\/p>\n","protected":false},"author":5190,"featured_media":4641,"comment_status":"closed","ping_status":"open","sticky":false,"template":"","format":"standard","meta":{"footnotes":""},"categories":[3],"tags":[],"class_list":["post-6602","post","type-post","status-publish","format-standard","has-post-thumbnail","hentry","category-noticias","generate-columns","tablet-grid-50","mobile-grid-100","grid-parent","grid-33"],"_links":{"self":[{"href":"https:\/\/ccoo.app\/inditex\/wp-json\/wp\/v2\/posts\/6602","targetHints":{"allow":["GET"]}}],"collection":[{"href":"https:\/\/ccoo.app\/inditex\/wp-json\/wp\/v2\/posts"}],"about":[{"href":"https:\/\/ccoo.app\/inditex\/wp-json\/wp\/v2\/types\/post"}],"author":[{"embeddable":true,"href":"https:\/\/ccoo.app\/inditex\/wp-json\/wp\/v2\/users\/5190"}],"replies":[{"embeddable":true,"href":"https:\/\/ccoo.app\/inditex\/wp-json\/wp\/v2\/comments?post=6602"}],"version-history":[{"count":1,"href":"https:\/\/ccoo.app\/inditex\/wp-json\/wp\/v2\/posts\/6602\/revisions"}],"predecessor-version":[{"id":7585,"href":"https:\/\/ccoo.app\/inditex\/wp-json\/wp\/v2\/posts\/6602\/revisions\/7585"}],"wp:featuredmedia":[{"embeddable":true,"href":"https:\/\/ccoo.app\/inditex\/wp-json\/wp\/v2\/media\/4641"}],"wp:attachment":[{"href":"https:\/\/ccoo.app\/inditex\/wp-json\/wp\/v2\/media?parent=6602"}],"wp:term":[{"taxonomy":"category","embeddable":true,"href":"https:\/\/ccoo.app\/inditex\/wp-json\/wp\/v2\/categories?post=6602"},{"taxonomy":"post_tag","embeddable":true,"href":"https:\/\/ccoo.app\/inditex\/wp-json\/wp\/v2\/tags?post=6602"}],"curies":[{"name":"wp","href":"https:\/\/api.w.org\/{rel}","templated":true}]}}