{"id":6601,"date":"2020-05-22T19:26:23","date_gmt":"2020-05-22T17:26:23","guid":{"rendered":"https:\/\/ccooinditex.com\/?p=4570"},"modified":"2022-03-22T16:19:37","modified_gmt":"2022-03-22T15:19:37","slug":"reunion-especial-prevencion-covid-19-22-05-2020","status":"publish","type":"post","link":"https:\/\/ccoo.app\/inditex\/reunion-especial-prevencion-covid-19-22-05-2020\/","title":{"rendered":"REUNI\u00d3N ESPECIAL PREVENCI\u00d3N COVID-19. 22 05 2020"},"content":{"rendered":"<p>&lt;!<\/p>\n<div class=\"\" data-block=\"true\" data-editor=\"f7i4n\" data-offset-key=\"3hhjg-0-0\">\n<div class=\"_1mf _1mj\" data-offset-key=\"3hhjg-0-0\"><span data-offset-key=\"3hhjg-3-0\">REUNI\u00d3N ESPECIAL PREVENCI\u00d3N COVID-19. <\/span>22 05 2020<\/div>\n<\/div>\n<div class=\"\" data-block=\"true\" data-editor=\"f7i4n\" data-offset-key=\"5s7jh-0-0\">\n<div class=\"_1mf _1mj\" data-offset-key=\"5s7jh-0-0\"><span data-offset-key=\"5s7jh-0-0\">\u00a0<\/span><\/div>\n<\/div>\n<div class=\"\" data-block=\"true\" data-editor=\"f7i4n\" data-offset-key=\"9gu26-0-0\">\n<div class=\"_1mf _1mj\" data-offset-key=\"9gu26-0-0\"><span data-offset-key=\"9gu26-1-0\">Se nos ha trasladado, por parte de la empresa, una propuesta a los delegados de prevenci\u00f3n sobre el uso de las mascarillas que debemos estudiar y analizar.<\/span><\/div>\n<\/div>\n<div class=\"\" data-block=\"true\" data-editor=\"f7i4n\" data-offset-key=\"55h93-0-0\">\n<div class=\"_1mf _1mj\" data-offset-key=\"55h93-0-0\"><span data-offset-key=\"55h93-0-0\">.<\/span><\/div>\n<\/div>\n<div class=\"\" data-block=\"true\" data-editor=\"f7i4n\" data-offset-key=\"7cdhf-0-0\">\n<div class=\"_1mf _1mj\" data-offset-key=\"7cdhf-0-0\"><span class=\"_3gl1 _5zz4\" data-offset-key=\"7cdhf-0-0\"><span class=\"_ncl\"><span data-offset-key=\"7cdhf-0-0\">\u2611\ufe0f<\/span><\/span><\/span><span data-offset-key=\"7cdhf-1-0\">Consiste en ampliar el uso obligatorio de mascarillas en el almac\u00e9n, salvo en los puestos de trabajo que consideran que no hay riesgo por ser individuales y estar en zonas aisladas de otros puestos, respetando la distancia de seguridad.<\/span><\/div>\n<\/div>\n<div class=\"\" data-block=\"true\" data-editor=\"f7i4n\" data-offset-key=\"eg97p-0-0\">\n<div class=\"_1mf _1mj\" data-offset-key=\"eg97p-0-0\"><span data-offset-key=\"eg97p-0-0\">En los puestos en los que consideran que no hay riesgo, ser\u00eda solo \u201crecomendable\u201d el uso, y solo se trasformar\u00eda en obligatorio al salir de dicho puesto de trabajo por cualquier motivo.<\/span><\/div>\n<\/div>\n<div class=\"\" data-block=\"true\" data-editor=\"f7i4n\" data-offset-key=\"7ep3l-0-0\">\n<div class=\"_1mf _1mj\" data-offset-key=\"7ep3l-0-0\"><span data-offset-key=\"7ep3l-0-0\">\u00a0<\/span><\/div>\n<\/div>\n<div class=\"\" data-block=\"true\" data-editor=\"f7i4n\" data-offset-key=\"nqsj-0-0\">\n<div class=\"_1mf _1mj\" data-offset-key=\"nqsj-0-0\"><span class=\"_3gl1 _5zz4\" data-offset-key=\"nqsj-0-0\"><span class=\"_ncl\"><span data-offset-key=\"nqsj-0-0\">\u2611\ufe0f<\/span><\/span><\/span><span data-offset-key=\"nqsj-1-0\">En la propuesta no hemos participado la parte social y es evaluada por la empresa sin apoyo de personal formado para ello, como solicitamos CCOO.<\/span><\/div>\n<\/div>\n<div class=\"\" data-block=\"true\" data-editor=\"f7i4n\" data-offset-key=\"b6hhe-0-0\">\n<div class=\"_1mf _1mj\" data-offset-key=\"b6hhe-0-0\"><span data-offset-key=\"b6hhe-0-0\">.<\/span><\/div>\n<\/div>\n<div class=\"\" data-block=\"true\" data-editor=\"f7i4n\" data-offset-key=\"743fp-0-0\">\n<div class=\"_1mf _1mj\" data-offset-key=\"743fp-0-0\"><span class=\"_3gl1 _5zz4\" data-offset-key=\"743fp-0-0\"><span class=\"_ncl\"><span data-offset-key=\"743fp-0-0\">\u2611\ufe0f<\/span><\/span><\/span><span data-offset-key=\"743fp-1-0\">Se nos traslada un listado de los puestos definidos por uso obligatorio o recomendable por secci\u00f3n.<\/span><\/div>\n<\/div>\n<div class=\"\" data-block=\"true\" data-editor=\"f7i4n\" data-offset-key=\"e1qo3-0-0\">\n<div class=\"_1mf _1mj\" data-offset-key=\"e1qo3-0-0\"><span data-offset-key=\"e1qo3-0-0\">\u00a0<\/span><\/div>\n<\/div>\n<div class=\"\" data-block=\"true\" data-editor=\"f7i4n\" data-offset-key=\"41tro-0-0\">\n<div class=\"_1mf _1mj\" data-offset-key=\"41tro-0-0\"><span class=\"_3gl1 _5zz4\" data-offset-key=\"41tro-0-0\"><span class=\"_ncl\"><span data-offset-key=\"41tro-0-0\">\u2611\ufe0f<\/span><\/span><\/span><span data-offset-key=\"41tro-1-0\">Despu\u00e9s de la exposici\u00f3n de la propuesta cada secci\u00f3n representada da su opini\u00f3n y postura.<\/span><\/div>\n<\/div>\n<div class=\"\" data-block=\"true\" data-editor=\"f7i4n\" data-offset-key=\"7jq7a-0-0\">\n<div class=\"_1mf _1mj\" data-offset-key=\"7jq7a-0-0\"><span data-offset-key=\"7jq7a-0-0\">\u00a0<\/span><\/div>\n<\/div>\n<div class=\"\" data-block=\"true\" data-editor=\"f7i4n\" data-offset-key=\"23pbk-0-0\">\n<div class=\"_1mf _1mj\" data-offset-key=\"23pbk-0-0\"><span class=\"_3gl1 _5zz4\" data-offset-key=\"23pbk-0-0\"><span class=\"_ncl\"><span data-offset-key=\"23pbk-0-0\">?<\/span><\/span><\/span><span data-offset-key=\"23pbk-1-0\">La de CCOO es que no considerar\u00edamos que es mala o equivocada si estuviera avalada por los estamentos o personas cualificadas para asegurarnos que lo que hacemos es correcto y no tiene implicaciones negativas para la salud del personal. <\/span><\/div>\n<\/div>\n<div class=\"\" data-block=\"true\" data-editor=\"f7i4n\" data-offset-key=\"6ou3i-0-0\">\n<div class=\"_1mf _1mj\" data-offset-key=\"6ou3i-0-0\"><span class=\"_3gl1 _5zz4\" data-offset-key=\"6ou3i-0-0\"><span class=\"_ncl\"><span data-offset-key=\"6ou3i-0-0\">\u2611\ufe0f<\/span><\/span><\/span><span data-offset-key=\"6ou3i-1-0\">Ten\u00edamos una postura r\u00edgida de utilizaci\u00f3n masiva cuando \u00e9ramos fase cero (o incluso antes), y est\u00e1bamos a jornadas reducidas, pero al estar ya a jornadas completas, debemos conocer las posibles implicaciones que pudiera tener ese uso prolongado, si lo hubiera. <\/span><\/div>\n<\/div>\n<div class=\"\" data-block=\"true\" data-editor=\"f7i4n\" data-offset-key=\"a0k6r-0-0\">\n<div class=\"_1mf _1mj\" data-offset-key=\"a0k6r-0-0\"><span class=\"_3gl1 _5zz4\" data-offset-key=\"a0k6r-0-0\"><span class=\"_ncl\"><span data-offset-key=\"a0k6r-0-0\">\u2611\ufe0f<\/span><\/span><\/span><span data-offset-key=\"a0k6r-1-0\">Siempre hemos llegado acuerdos en prevenci\u00f3n y lo seguiremos haciendo pero siempre dentro de lo avalado por los especialistas en el tema, o que lo avale el Servicio mancomunado de prevenci\u00f3n de Inditex. <\/span><\/div>\n<\/div>\n<div class=\"\" data-block=\"true\" data-editor=\"f7i4n\" data-offset-key=\"5opp3-0-0\">\n<div class=\"_1mf _1mj\" data-offset-key=\"5opp3-0-0\"><span data-offset-key=\"5opp3-0-0\">.<\/span><\/div>\n<\/div>\n<div class=\"\" data-block=\"true\" data-editor=\"f7i4n\" data-offset-key=\"a2475-0-0\">\n<div class=\"_1mf _1mj\" data-offset-key=\"a2475-0-0\"><span class=\"_3gl1 _5zz4\" data-offset-key=\"a2475-0-0\"><span class=\"_ncl\"><span data-offset-key=\"a2475-0-0\">?<\/span><\/span><\/span><span data-offset-key=\"a2475-1-0\">Desde CCOO entendemos que por escrito, debe quedar claro, a trav\u00e9s del Servicio de Prevenci\u00f3n que no son necesarias mascarillas como EPI\u00b4s, y que las mascarillas quir\u00fargicas implantadas son una medida de prevenci\u00f3n contra el contagio (no una EPI).<\/span><\/div>\n<\/div>\n<div class=\"\" data-block=\"true\" data-editor=\"f7i4n\" data-offset-key=\"4b0vk-0-0\">\n<div class=\"_1mf _1mj\" data-offset-key=\"4b0vk-0-0\"><span data-offset-key=\"4b0vk-0-0\">.<\/span><\/div>\n<\/div>\n<div class=\"\" data-block=\"true\" data-editor=\"f7i4n\" data-offset-key=\"1f845-0-0\">\n<div class=\"_1mf _1mj\" data-offset-key=\"1f845-0-0\"><span class=\"_3gl1 _5zz4\" data-offset-key=\"1f845-0-0\"><span class=\"_ncl\"><span data-offset-key=\"1f845-0-0\">\u26a0\ufe0f<\/span><\/span><\/span><span data-offset-key=\"1f845-1-0\">Tambi\u00e9n expresamos nuestro descontento con que no se nos haya consultado para dicha propuesta en su confecci\u00f3n, pudiendo dar nuestra valoraci\u00f3n de cada puesto y haberlos consensuado antes de hoy.<\/span><\/div>\n<\/div>\n<div class=\"\" data-block=\"true\" data-editor=\"f7i4n\" data-offset-key=\"5kovl-0-0\">\n<div class=\"_1mf _1mj\" data-offset-key=\"5kovl-0-0\"><span data-offset-key=\"5kovl-0-0\">.<\/span><\/div>\n<\/div>\n<div class=\"\" data-block=\"true\" data-editor=\"f7i4n\" data-offset-key=\"b23gq-0-0\">\n<div class=\"_1mf _1mj\" data-offset-key=\"b23gq-0-0\"><span class=\"_3gl1 _5zz4\" data-offset-key=\"b23gq-0-0\"><span class=\"_ncl\"><span data-offset-key=\"b23gq-0-0\">?<\/span><\/span><\/span><span data-offset-key=\"b23gq-1-0\">Se nos convoca para el lunes por la tarde para dar una respuesta a esta propuesta, y hacer aportaciones a la misma.<\/span><\/div>\n<\/div>\n<div class=\"\" data-block=\"true\" data-editor=\"f7i4n\" data-offset-key=\"echfc-0-0\">\n<div class=\"_1mf _1mj\" data-offset-key=\"echfc-0-0\"><span data-offset-key=\"echfc-0-0\">Se nos trasmite que sea cual sea la respuesta Inditex podr\u00eda unilateralmente implantar una si no hay consenso. Lo cual no nos gustar\u00eda porque una soluci\u00f3n sin consenso es casi siempre una mala soluci\u00f3n.<\/span><\/div>\n<\/div>\n<div class=\"\" data-block=\"true\" data-editor=\"f7i4n\" data-offset-key=\"edsk7-0-0\">\n<div class=\"_1mf _1mj\" data-offset-key=\"edsk7-0-0\"><span data-offset-key=\"edsk7-0-0\">.<\/span><\/div>\n<\/div>\n<div class=\"\" data-block=\"true\" data-editor=\"f7i4n\" data-offset-key=\"du0t5-0-0\">\n<div class=\"_1mf _1mj\" data-offset-key=\"du0t5-0-0\"><span class=\"_3gl1 _5zz4\" data-offset-key=\"du0t5-0-0\"><span class=\"_ncl\"><span data-offset-key=\"du0t5-0-0\">?<\/span><\/span><\/span><span data-offset-key=\"du0t5-1-0\">Se nos traslada, que el lunes ya retornan todos los que se engloban en el grupo de personal sensible, y que deber\u00e1n llevar la mascarilla de manera obligatoria toda su jornada laboral como medida preventiva.<\/span><\/div>\n<\/div>\n<div class=\"\" data-block=\"true\" data-editor=\"f7i4n\" data-offset-key=\"37cjo-0-0\">\n<div class=\"_1mf _1mj\" data-offset-key=\"37cjo-0-0\"><span class=\"_3gl1 _5zz4\" data-offset-key=\"37cjo-0-0\"><span class=\"_ncl\"><span data-offset-key=\"37cjo-0-0\">\u2611\ufe0f<\/span><\/span><\/span><span data-offset-key=\"37cjo-1-0\">CCOO solicita que se entregue POR ESCRITO la evaluaci\u00f3n que ha realizado el servicio m\u00e9dico a todos los casos de personal sensible que tenemos en plataforma Europa, tanto para su vuelta al trabajo como para la utilizaci\u00f3n de la mascarilla durante toda su jornada laboral, ya que tenemos que tener respaldo legal, para hacer volver a este personal garantiz\u00e1ndoles la seguridad sanitaria que merecen, no nos valen solo las palabras queremos documentos que as\u00ed lo certifiquen.<\/span><\/div>\n<\/div>\n<div class=\"\" data-block=\"true\" data-editor=\"f7i4n\" data-offset-key=\"5rat8-0-0\">\n<div class=\"_1mf _1mj\" data-offset-key=\"5rat8-0-0\"><\/div>\n<\/div>\n<div class=\"\" data-block=\"true\" data-editor=\"f7i4n\" data-offset-key=\"68v55-0-0\">\n<div class=\"_1mf _1mj\" data-offset-key=\"68v55-0-0\"><span class=\"_3gl1 _5zz4\" data-offset-key=\"68v55-0-0\"><span class=\"_ncl\"><span data-offset-key=\"68v55-0-0\">?<\/span><\/span><\/span><span data-offset-key=\"68v55-1-0\">Otros temas:<\/span><\/div>\n<\/div>\n<div class=\"\" data-block=\"true\" data-editor=\"f7i4n\" data-offset-key=\"6salc-0-0\">\n<div class=\"_1mf _1mj\" data-offset-key=\"6salc-0-0\"><span data-offset-key=\"6salc-0-0\">.<\/span><\/div>\n<\/div>\n<div class=\"\" data-block=\"true\" data-editor=\"f7i4n\" data-offset-key=\"92kdv-0-0\">\n<div class=\"_1mf _1mj\" data-offset-key=\"92kdv-0-0\"><span class=\"_3gl1 _5zz4\" data-offset-key=\"92kdv-0-0\"><span class=\"_ncl\"><span data-offset-key=\"92kdv-0-0\">\u2611\ufe0f<\/span><\/span><\/span><span data-offset-key=\"92kdv-1-0\">Se pide una entrega al personal con las mascarillas que sean necesarias para su semana laboral planificada. Ahorrando en sobres, reduciendo los residuos y certificando que se han repartido de manera sanitariamente segura. <\/span><\/div>\n<\/div>\n<div class=\"\" data-block=\"true\" data-editor=\"f7i4n\" data-offset-key=\"749f6-0-0\">\n<div class=\"_1mf _1mj\" data-offset-key=\"749f6-0-0\"><span class=\"_3gl1 _5zz4\" data-offset-key=\"749f6-0-0\"><span class=\"_ncl\"><span data-offset-key=\"749f6-0-0\">\u2611\ufe0f<\/span><\/span><\/span><span data-offset-key=\"749f6-1-0\">Se comenta por parte de almac\u00e9n que se estudiara la propuesta pero que a\u00fan est\u00e1n definiendo como se va a realizar las entregas de las mascarillas cuando estemos a jornada completa y est\u00e9n operativos los comedores.<\/span><\/div>\n<\/div>\n<div class=\"\" data-block=\"true\" data-editor=\"f7i4n\" data-offset-key=\"4iecr-0-0\">\n<div class=\"_1mf _1mj\" data-offset-key=\"4iecr-0-0\"><span class=\"_3gl1 _5zz4\" data-offset-key=\"4iecr-0-0\"><span class=\"_ncl\"><span data-offset-key=\"4iecr-0-0\">\u2611\ufe0f<\/span><\/span><\/span><span data-offset-key=\"4iecr-1-0\">CCOO insiste en que se tengan refrigerados los envases de agua ya que llega el calor y se est\u00e1 consumiendo a una temperatura mayor de la deseada. Se intentara tener m\u00e1s agua en las c\u00e1maras distribuidas por el almac\u00e9n.<\/span><\/div>\n<\/div>\n<div class=\"\" data-block=\"true\" data-editor=\"f7i4n\" data-offset-key=\"7imft-0-0\">\n<div class=\"_1mf _1mj\" data-offset-key=\"7imft-0-0\"><span class=\"_3gl1 _5zz4\" data-offset-key=\"7imft-0-0\"><span class=\"_ncl\"><span data-offset-key=\"7imft-0-0\">\u2611\ufe0f<\/span><\/span><\/span><span data-offset-key=\"7imft-1-0\">Se comenta por parte de almac\u00e9n que se va a intentar rotar siempre que sea posible al personal para gestionar las reoperaciones y las facturaciones para evitar estar toda la jornada en est\u00e1tico.<\/span><\/div>\n<\/div>\n<div class=\"\" data-block=\"true\" data-editor=\"f7i4n\" data-offset-key=\"j48a-0-0\">\n<div class=\"_1mf _1mj\" data-offset-key=\"j48a-0-0\"><span class=\"_3gl1 _5zz4\" data-offset-key=\"j48a-0-0\"><span class=\"_ncl\"><span data-offset-key=\"j48a-0-0\">\u2611\ufe0f<\/span><\/span><\/span><span data-offset-key=\"j48a-1-0\">CCOO solicita que se distribuyan m\u00e1s alfombrillas antifatiga por los puestos de embolsado y reoperados para tenerlos a disposici\u00f3n, ya que parece que no hab\u00eda. Se dice por parte de almac\u00e9n que se ubicaran m\u00e1s en dichos puestos y que si hiciera falta comprar m\u00e1s se har\u00eda. <\/span><\/div>\n<\/div>\n<div class=\"\" data-block=\"true\" data-editor=\"f7i4n\" data-offset-key=\"7e59q-0-0\">\n<div class=\"_1mf _1mj\" data-offset-key=\"7e59q-0-0\"><span class=\"_3gl1 _5zz4\" data-offset-key=\"7e59q-0-0\"><span class=\"_ncl\"><span data-offset-key=\"7e59q-0-0\">\u2611\ufe0f<\/span><\/span><\/span><span data-offset-key=\"7e59q-1-0\">CCOO pregunta sobre la negativa de almac\u00e9n a introducir cualquier tipo de comida del exterior cuando reabran los comedores, preguntamos por comida que no necesite calentarse en microondas o similares y se traigan en condiciones higi\u00e9nicas seguras con envases t\u00e9rmicos. <\/span><\/div>\n<\/div>\n<div class=\"\" data-block=\"true\" data-editor=\"f7i4n\" data-offset-key=\"a8gkm-0-0\">\n<div class=\"_1mf _1mj\" data-offset-key=\"a8gkm-0-0\"><span class=\"_3gl1 _5zz4\" data-offset-key=\"a8gkm-0-0\"><span class=\"_ncl\"><span data-offset-key=\"a8gkm-0-0\">\u2611\ufe0f<\/span><\/span><\/span><span data-offset-key=\"a8gkm-1-0\">Se nos responde que la postura de la empresa en su reapertura es firme que solo har\u00e1n las excepciones por cuestiones m\u00e9dicas documentadas, pero que con el paso del tiempo se podr\u00edan hablar situaciones similares a esta y ver una por una las que fueran aceptables.<\/span><\/div>\n<\/div>\n<div class=\"\" data-block=\"true\" data-editor=\"f7i4n\" data-offset-key=\"a6dd1-0-0\">\n<div class=\"_1mf _1mj\" data-offset-key=\"a6dd1-0-0\"><span class=\"_3gl1 _5zz4\" data-offset-key=\"a6dd1-0-0\"><span class=\"_ncl\"><span data-offset-key=\"a6dd1-0-0\">\u2611\ufe0f<\/span><\/span><\/span><span data-offset-key=\"a6dd1-1-0\">Desde CCOO nos alegramos tambi\u00e9n por el hecho de que despu\u00e9s de definir que aparecer\u00edan las siglas de la secci\u00f3n sindical que realiza la propuesta en la anterior reuni\u00f3n, en esta hayan venido con una por escrito para anexionar y este hecho no se ve\u00eda desde que tenemos memoria, pero aportar en prevenci\u00f3n siempre es positivo.<\/span><\/div>\n<\/div>\n<p>&gt;    \t<\/p>\n","protected":false},"excerpt":{"rendered":"<p>&lt;! REUNI\u00d3N ESPECIAL PREVENCI\u00d3N COVID-19. 22 05 2020 \u00a0 Se nos ha trasladado, por parte de la empresa, una propuesta a los delegados de prevenci\u00f3n sobre el uso de las &#8230; <a title=\"REUNI\u00d3N ESPECIAL PREVENCI\u00d3N COVID-19. 22 05 2020\" class=\"read-more\" href=\"https:\/\/ccoo.app\/inditex\/reunion-especial-prevencion-covid-19-22-05-2020\/\" aria-label=\"Leer m\u00e1s sobre REUNI\u00d3N ESPECIAL PREVENCI\u00d3N COVID-19. 22 05 2020\">Leer m\u00e1s<\/a><\/p>\n","protected":false},"author":5190,"featured_media":4572,"comment_status":"closed","ping_status":"open","sticky":false,"template":"","format":"standard","meta":{"footnotes":""},"categories":[136,14],"tags":[],"class_list":["post-6601","post","type-post","status-publish","format-standard","has-post-thumbnail","hentry","category-noticias-plataforma-europa","category-plataforma-europa","generate-columns","tablet-grid-50","mobile-grid-100","grid-parent","grid-33"],"_links":{"self":[{"href":"https:\/\/ccoo.app\/inditex\/wp-json\/wp\/v2\/posts\/6601","targetHints":{"allow":["GET"]}}],"collection":[{"href":"https:\/\/ccoo.app\/inditex\/wp-json\/wp\/v2\/posts"}],"about":[{"href":"https:\/\/ccoo.app\/inditex\/wp-json\/wp\/v2\/types\/post"}],"author":[{"embeddable":true,"href":"https:\/\/ccoo.app\/inditex\/wp-json\/wp\/v2\/users\/5190"}],"replies":[{"embeddable":true,"href":"https:\/\/ccoo.app\/inditex\/wp-json\/wp\/v2\/comments?post=6601"}],"version-history":[{"count":1,"href":"https:\/\/ccoo.app\/inditex\/wp-json\/wp\/v2\/posts\/6601\/revisions"}],"predecessor-version":[{"id":7597,"href":"https:\/\/ccoo.app\/inditex\/wp-json\/wp\/v2\/posts\/6601\/revisions\/7597"}],"wp:featuredmedia":[{"embeddable":true,"href":"https:\/\/ccoo.app\/inditex\/wp-json\/wp\/v2\/media\/4572"}],"wp:attachment":[{"href":"https:\/\/ccoo.app\/inditex\/wp-json\/wp\/v2\/media?parent=6601"}],"wp:term":[{"taxonomy":"category","embeddable":true,"href":"https:\/\/ccoo.app\/inditex\/wp-json\/wp\/v2\/categories?post=6601"},{"taxonomy":"post_tag","embeddable":true,"href":"https:\/\/ccoo.app\/inditex\/wp-json\/wp\/v2\/tags?post=6601"}],"curies":[{"name":"wp","href":"https:\/\/api.w.org\/{rel}","templated":true}]}}