{"id":6600,"date":"2020-05-21T11:59:04","date_gmt":"2020-05-21T09:59:04","guid":{"rendered":"https:\/\/ccooinditex.com\/?p=4559"},"modified":"2022-03-22T16:19:39","modified_gmt":"2022-03-22T15:19:39","slug":"uso-de-mascarillas-plataforma-europa-evaluacion-de-riesgos","status":"publish","type":"post","link":"https:\/\/ccoo.app\/inditex\/uso-de-mascarillas-plataforma-europa-evaluacion-de-riesgos\/","title":{"rendered":"Uso de mascarillas Plataforma Europa. \u00bfY la Evaluaci\u00f3n de riesgos?"},"content":{"rendered":"<p>&lt;!Ante la comunicaci\u00f3n por parte de la Direcci\u00f3n de Plataforma Europa de la implantaci\u00f3n del uso obligatorio de las mascarillas quir\u00fargicas, sin realizar previamente una evaluaci\u00f3n , hemos remitido escrito, instando a la Direcci\u00f3n de Plataforma Europa a gestionar y establecer unos criterios claros a la hora de implantar \u00e9sta medida, por tanto, exigimos que la empresa realice una Evaluaci\u00f3n de Riesgos (que incluya la evaluaci\u00f3n de cada puesto), donde se establecer\u00e1n las medidas preventivas colectivas, as\u00ed como las necesarias medidas preventivas individuales (EPI\u2019S), teniendo en cuenta, entre otros, al personal sensible, factores de temperatura externa, etc.<br \/>\n<a href=\"http:\/\/ccoo.app\/inditex\/wp-content\/blogs.dir\/6\/files\/sites\/119\/2020\/05\/escrito-pe-1.pdf\">escrito PE<\/a>&gt;    \t<\/p>\n","protected":false},"excerpt":{"rendered":"<p>&lt;!Ante la comunicaci\u00f3n por parte de la Direcci\u00f3n de Plataforma Europa de la implantaci\u00f3n del uso obligatorio de las mascarillas quir\u00fargicas, sin realizar previamente una evaluaci\u00f3n , hemos remitido escrito, &#8230; <a title=\"Uso de mascarillas Plataforma Europa. \u00bfY la Evaluaci\u00f3n de riesgos?\" class=\"read-more\" href=\"https:\/\/ccoo.app\/inditex\/uso-de-mascarillas-plataforma-europa-evaluacion-de-riesgos\/\" aria-label=\"Leer m\u00e1s sobre Uso de mascarillas Plataforma Europa. \u00bfY la Evaluaci\u00f3n de riesgos?\">Leer m\u00e1s<\/a><\/p>\n","protected":false},"author":5190,"featured_media":4552,"comment_status":"closed","ping_status":"open","sticky":false,"template":"","format":"standard","meta":{"footnotes":""},"categories":[136,14],"tags":[],"class_list":["post-6600","post","type-post","status-publish","format-standard","has-post-thumbnail","hentry","category-noticias-plataforma-europa","category-plataforma-europa","generate-columns","tablet-grid-50","mobile-grid-100","grid-parent","grid-33"],"_links":{"self":[{"href":"https:\/\/ccoo.app\/inditex\/wp-json\/wp\/v2\/posts\/6600","targetHints":{"allow":["GET"]}}],"collection":[{"href":"https:\/\/ccoo.app\/inditex\/wp-json\/wp\/v2\/posts"}],"about":[{"href":"https:\/\/ccoo.app\/inditex\/wp-json\/wp\/v2\/types\/post"}],"author":[{"embeddable":true,"href":"https:\/\/ccoo.app\/inditex\/wp-json\/wp\/v2\/users\/5190"}],"replies":[{"embeddable":true,"href":"https:\/\/ccoo.app\/inditex\/wp-json\/wp\/v2\/comments?post=6600"}],"version-history":[{"count":1,"href":"https:\/\/ccoo.app\/inditex\/wp-json\/wp\/v2\/posts\/6600\/revisions"}],"predecessor-version":[{"id":7600,"href":"https:\/\/ccoo.app\/inditex\/wp-json\/wp\/v2\/posts\/6600\/revisions\/7600"}],"wp:featuredmedia":[{"embeddable":true,"href":"https:\/\/ccoo.app\/inditex\/wp-json\/wp\/v2\/media\/4552"}],"wp:attachment":[{"href":"https:\/\/ccoo.app\/inditex\/wp-json\/wp\/v2\/media?parent=6600"}],"wp:term":[{"taxonomy":"category","embeddable":true,"href":"https:\/\/ccoo.app\/inditex\/wp-json\/wp\/v2\/categories?post=6600"},{"taxonomy":"post_tag","embeddable":true,"href":"https:\/\/ccoo.app\/inditex\/wp-json\/wp\/v2\/tags?post=6600"}],"curies":[{"name":"wp","href":"https:\/\/api.w.org\/{rel}","templated":true}]}}