{"id":4760,"date":"2020-06-25T08:55:13","date_gmt":"2020-06-25T06:55:13","guid":{"rendered":"https:\/\/ccooinditex.com\/?p=4760"},"modified":"2022-03-22T16:19:16","modified_gmt":"2022-03-22T15:19:16","slug":"movilizacion-civica-el-proximo-dia-27-por-la-reconstruccion-social-de-espana-y-reforzar-los-servicios-publicos","status":"publish","type":"post","link":"https:\/\/ccoo.app\/inditex\/movilizacion-civica-el-proximo-dia-27-por-la-reconstruccion-social-de-espana-y-reforzar-los-servicios-publicos\/","title":{"rendered":"Movilizaci\u00f3n c\u00edvica el pr\u00f3ximo d\u00eda 27. Por la reconstrucci\u00f3n social de Espa\u00f1a y reforzar los servicios p\u00fablicos."},"content":{"rendered":"<p>&lt;!<strong>Desde la Secci\u00f3n Sindical de CCOO de Industria en Inditex, hacemos un llamamiento a los trabajadores y trabajadoras del Grupo Inditex, y a la ciudadan\u00eda en general, a participar en la movilizaci\u00f3n c\u00edvica que tendr\u00e1 lugar en las ciudades de todo el pa\u00eds el pr\u00f3ximo d\u00eda 27 para pedir a las fuerzas pol\u00edticas, sociales y econ\u00f3micas un gran pacto para la reconstrucci\u00f3n social de Espa\u00f1a y reforzar los servicios p\u00fablicos.<\/strong><br \/>\n<strong>La movilizaci\u00f3n contar\u00e1 con distintos formatos pero \u201ccon un cumplimiento estricto de las normas y de los protocolos de seguridad, tomando todas las precauciones para evitar cualquier tipo de riesgo\u201d.<\/strong><br \/>\n<a href=\"http:\/\/ccoo.app\/inditex\/wp-content\/blogs.dir\/6\/files\/sites\/119\/2020\/06\/manifiesto-por-la-reeconstruccion-social-de-espana-1.pdf\">Manifiesto por la reeconstruccion social de Espa\u00f1a<\/a><br \/>\n<a href=\"https:\/\/www.change.org\/p\/partidos-pol%C3%ADticos-organizaciones-sociales-y-agentes-econ%C3%B3micos-vamosasalir-por-un-pacto-para-la-reconstrucci%C3%B3n-social-de-espa%C3%B1a?recruiter=18091921&amp;utm_source=share_petition&amp;utm_medium=copylink&amp;utm_campaign=share_petition\">FIRMA LA PETICI\u00d3N<\/a><br \/>\n<a href=\"http:\/\/ccoo.app\/inditex\/wp-content\/blogs.dir\/6\/files\/sites\/119\/2020\/06\/movilizaciones-convocadas-1.pdf\">Movilizaciones convocadas<\/a><br \/>\n&nbsp;<br \/>\n<img loading=\"lazy\" decoding=\"async\" class=\"alignnone size-medium wp-image-4762\" src=\"http:\/\/ccoo.app\/inditex\/wp-content\/blogs.dir\/6\/files\/sites\/119\/2020\/06\/dae1f5724f95781abcfd11775f3c5368000001-1-300x300.png\" alt=\"\" width=\"300\" height=\"300\" \/><br \/>\n&nbsp;&gt;    \t<\/p>\n","protected":false},"excerpt":{"rendered":"<p>&lt;!Desde la Secci\u00f3n Sindical de CCOO de Industria en Inditex, hacemos un llamamiento a los trabajadores y trabajadoras del Grupo Inditex, y a la ciudadan\u00eda en general, a participar en &#8230; <a title=\"Movilizaci\u00f3n c\u00edvica el pr\u00f3ximo d\u00eda 27. Por la reconstrucci\u00f3n social de Espa\u00f1a y reforzar los servicios p\u00fablicos.\" class=\"read-more\" href=\"https:\/\/ccoo.app\/inditex\/movilizacion-civica-el-proximo-dia-27-por-la-reconstruccion-social-de-espana-y-reforzar-los-servicios-publicos\/\" aria-label=\"Leer m\u00e1s sobre Movilizaci\u00f3n c\u00edvica el pr\u00f3ximo d\u00eda 27. Por la reconstrucci\u00f3n social de Espa\u00f1a y reforzar los servicios p\u00fablicos.\">Leer m\u00e1s<\/a><\/p>\n","protected":false},"author":5190,"featured_media":4764,"comment_status":"closed","ping_status":"open","sticky":false,"template":"","format":"standard","meta":{"footnotes":""},"categories":[3],"tags":[],"class_list":["post-4760","post","type-post","status-publish","format-standard","has-post-thumbnail","hentry","category-noticias","generate-columns","tablet-grid-50","mobile-grid-100","grid-parent","grid-33"],"_links":{"self":[{"href":"https:\/\/ccoo.app\/inditex\/wp-json\/wp\/v2\/posts\/4760","targetHints":{"allow":["GET"]}}],"collection":[{"href":"https:\/\/ccoo.app\/inditex\/wp-json\/wp\/v2\/posts"}],"about":[{"href":"https:\/\/ccoo.app\/inditex\/wp-json\/wp\/v2\/types\/post"}],"author":[{"embeddable":true,"href":"https:\/\/ccoo.app\/inditex\/wp-json\/wp\/v2\/users\/5190"}],"replies":[{"embeddable":true,"href":"https:\/\/ccoo.app\/inditex\/wp-json\/wp\/v2\/comments?post=4760"}],"version-history":[{"count":1,"href":"https:\/\/ccoo.app\/inditex\/wp-json\/wp\/v2\/posts\/4760\/revisions"}],"predecessor-version":[{"id":7559,"href":"https:\/\/ccoo.app\/inditex\/wp-json\/wp\/v2\/posts\/4760\/revisions\/7559"}],"wp:featuredmedia":[{"embeddable":true,"href":"https:\/\/ccoo.app\/inditex\/wp-json\/wp\/v2\/media\/4764"}],"wp:attachment":[{"href":"https:\/\/ccoo.app\/inditex\/wp-json\/wp\/v2\/media?parent=4760"}],"wp:term":[{"taxonomy":"category","embeddable":true,"href":"https:\/\/ccoo.app\/inditex\/wp-json\/wp\/v2\/categories?post=4760"},{"taxonomy":"post_tag","embeddable":true,"href":"https:\/\/ccoo.app\/inditex\/wp-json\/wp\/v2\/tags?post=4760"}],"curies":[{"name":"wp","href":"https:\/\/api.w.org\/{rel}","templated":true}]}}