{"id":4744,"date":"2020-06-22T14:50:57","date_gmt":"2020-06-22T12:50:57","guid":{"rendered":"https:\/\/ccooinditex.com\/?p=4744"},"modified":"2022-03-22T16:19:17","modified_gmt":"2022-03-22T15:19:17","slug":"permisos-retribuidos-durante-el-estado-de-alarma","status":"publish","type":"post","link":"https:\/\/ccoo.app\/inditex\/permisos-retribuidos-durante-el-estado-de-alarma\/","title":{"rendered":"PERMISOS RETRIBUIDOS DURANTE EL ESTADO DE ALARMA\u00a0"},"content":{"rendered":"<p>&lt;!<\/p>\n<blockquote><p>PERMISOS RETRIBUIDOS DURANTE EL ESTADO DE ALARMA<br \/>\nAquellas personas que estuvieron en situaci\u00f3n de excedencia o permiso retribuido , podr\u00e1n compensar los d\u00edas en los que el almac\u00e9n no ten\u00eda actividad.<br \/>\nSe podr\u00e1n disfrutar una vez finalizado el periodo vacacional de verano mediados de Septiembre y finales de Noviembre.<\/p><\/blockquote>\n<p>&gt;    \t<\/p>\n","protected":false},"excerpt":{"rendered":"<p>&lt;! PERMISOS RETRIBUIDOS DURANTE EL ESTADO DE ALARMA Aquellas personas que estuvieron en situaci\u00f3n de excedencia o permiso retribuido , podr\u00e1n compensar los d\u00edas en los que el almac\u00e9n no &#8230; <a title=\"PERMISOS RETRIBUIDOS DURANTE EL ESTADO DE ALARMA\u00a0\" class=\"read-more\" href=\"https:\/\/ccoo.app\/inditex\/permisos-retribuidos-durante-el-estado-de-alarma\/\" aria-label=\"Leer m\u00e1s sobre PERMISOS RETRIBUIDOS DURANTE EL ESTADO DE ALARMA\u00a0\">Leer m\u00e1s<\/a><\/p>\n","protected":false},"author":5198,"featured_media":4725,"comment_status":"closed","ping_status":"open","sticky":false,"template":"","format":"standard","meta":{"footnotes":""},"categories":[74,75],"tags":[],"class_list":["post-4744","post","type-post","status-publish","format-standard","has-post-thumbnail","hentry","category-tempe-noticias","category-tempe-notificar-app","generate-columns","tablet-grid-50","mobile-grid-100","grid-parent","grid-33"],"_links":{"self":[{"href":"https:\/\/ccoo.app\/inditex\/wp-json\/wp\/v2\/posts\/4744","targetHints":{"allow":["GET"]}}],"collection":[{"href":"https:\/\/ccoo.app\/inditex\/wp-json\/wp\/v2\/posts"}],"about":[{"href":"https:\/\/ccoo.app\/inditex\/wp-json\/wp\/v2\/types\/post"}],"author":[{"embeddable":true,"href":"https:\/\/ccoo.app\/inditex\/wp-json\/wp\/v2\/users\/5198"}],"replies":[{"embeddable":true,"href":"https:\/\/ccoo.app\/inditex\/wp-json\/wp\/v2\/comments?post=4744"}],"version-history":[{"count":1,"href":"https:\/\/ccoo.app\/inditex\/wp-json\/wp\/v2\/posts\/4744\/revisions"}],"predecessor-version":[{"id":7562,"href":"https:\/\/ccoo.app\/inditex\/wp-json\/wp\/v2\/posts\/4744\/revisions\/7562"}],"wp:featuredmedia":[{"embeddable":true,"href":"https:\/\/ccoo.app\/inditex\/wp-json\/wp\/v2\/media\/4725"}],"wp:attachment":[{"href":"https:\/\/ccoo.app\/inditex\/wp-json\/wp\/v2\/media?parent=4744"}],"wp:term":[{"taxonomy":"category","embeddable":true,"href":"https:\/\/ccoo.app\/inditex\/wp-json\/wp\/v2\/categories?post=4744"},{"taxonomy":"post_tag","embeddable":true,"href":"https:\/\/ccoo.app\/inditex\/wp-json\/wp\/v2\/tags?post=4744"}],"curies":[{"name":"wp","href":"https:\/\/api.w.org\/{rel}","templated":true}]}}