{"id":4730,"date":"2020-06-19T14:10:12","date_gmt":"2020-06-19T12:10:12","guid":{"rendered":"https:\/\/ccooinditex.com\/?p=4730"},"modified":"2022-03-22T16:19:20","modified_gmt":"2022-03-22T15:19:20","slug":"reunion-prl-19-06-20","status":"publish","type":"post","link":"https:\/\/ccoo.app\/inditex\/reunion-prl-19-06-20\/","title":{"rendered":"REUNION PRL 19.06.20"},"content":{"rendered":"<p>&lt;!<\/p>\n<div class=\"kvgmc6g5 cxmmr5t8 oygrvhab hcukyx3x c1et5uql ii04i59q\">\n<div dir=\"auto\">REUNI\u00d3N PRL 19\/06\/2020<\/div>\n<div dir=\"auto\"><\/div>\n<\/div>\n<div class=\"o9v6fnle cxmmr5t8 oygrvhab hcukyx3x c1et5uql ii04i59q\">\n<div dir=\"auto\">* Las fuentes de agua por \u00f3smosis se van a cambiar por unas donde lleve un pedal.<\/div>\n<div dir=\"auto\"><\/div>\n<\/div>\n<div class=\"o9v6fnle cxmmr5t8 oygrvhab hcukyx3x c1et5uql ii04i59q\">\n<div dir=\"auto\">* El distanciamiento pasar\u00e1 a 1.5 mts excepto en las cafeter\u00edas que seguir\u00e1 con los 2 mts, ya que en ellas no llevamos la m\u00e1scara quir\u00fargica.<\/div>\n<div dir=\"auto\"><\/div>\n<\/div>\n<div class=\"o9v6fnle cxmmr5t8 oygrvhab hcukyx3x c1et5uql ii04i59q\">\n<div dir=\"auto\">* Se reanudan los reconocimientos m\u00e9dicos.<\/div>\n<div dir=\"auto\"><\/div>\n<\/div>\n<div class=\"o9v6fnle cxmmr5t8 oygrvhab hcukyx3x c1et5uql ii04i59q\">\n<div dir=\"auto\">* Se eliminan las sectorizaciones y se reanudan las rotaciones.<\/div>\n<div dir=\"auto\"><\/div>\n<\/div>\n<div class=\"o9v6fnle cxmmr5t8 oygrvhab hcukyx3x c1et5uql ii04i59q\">\n<div dir=\"auto\">* Los tornos se subir\u00e1n.<\/div>\n<div dir=\"auto\"><\/div>\n<\/div>\n<div class=\"o9v6fnle cxmmr5t8 oygrvhab hcukyx3x c1et5uql ii04i59q\">\n<div dir=\"auto\">* En el caso de necesitarse se podr\u00e1n incorporar los ETTs con las medidas de seguridad que tenemos en cada centro.<\/div>\n<div dir=\"auto\"><\/div>\n<\/div>\n<div class=\"o9v6fnle cxmmr5t8 oygrvhab hcukyx3x c1et5uql ii04i59q\">\n<div dir=\"auto\">* El retardo de 15 minutos entre turno continuar\u00e1.<\/div>\n<div dir=\"auto\"><\/div>\n<\/div>\n<div class=\"o9v6fnle cxmmr5t8 oygrvhab hcukyx3x c1et5uql ii04i59q\">\n<div dir=\"auto\">* Se le pas\u00f3 a la empresa un modelo de horarios para los almuerzos y meriendas para sustituir el turno de las 17.20 y la empresa nos traslada que se esta estudiando por parte de UPC cuando tengan algo nos lo trasladaran.<\/div>\n<div dir=\"auto\"><\/div>\n<\/div>\n<div class=\"o9v6fnle cxmmr5t8 oygrvhab hcukyx3x c1et5uql ii04i59q\">\n<div dir=\"auto\">* Se ha hablado de la temperatura en Tempe 2 nos trasladan las mediciones y en ning\u00fan momento llegan a 24 grados, que es el tope para que salte el Aire acondicionado, lo que suele pasar es que vienes de una temperatura exterior de unos 19\u00b0 o 20\u00b0 y pasas a 22\u00b0 o 23\u00b0 y la sensaci\u00f3n es de calor.<\/div>\n<\/div>\n<div dir=\"auto\"><\/div>\n<div class=\"o9v6fnle cxmmr5t8 oygrvhab hcukyx3x c1et5uql ii04i59q\">\n<div dir=\"auto\"><\/div>\n<\/div>\n<div dir=\"auto\"><img loading=\"lazy\" decoding=\"async\" class=\" wp-image-4057 aligncenter\" src=\"http:\/\/ccoo.app\/inditex\/wp-content\/blogs.dir\/6\/files\/sites\/119\/2020\/03\/descarga-5.jpg\" alt=\"\" width=\"249\" height=\"206\" \/><\/div>\n<div dir=\"auto\"><\/div>\n<div dir=\"auto\"><\/div>\n<p>&gt;    \t<\/p>\n","protected":false},"excerpt":{"rendered":"<p>&lt;! REUNI\u00d3N PRL 19\/06\/2020 * Las fuentes de agua por \u00f3smosis se van a cambiar por unas donde lleve un pedal. * El distanciamiento pasar\u00e1 a 1.5 mts excepto en &#8230; <a title=\"REUNION PRL 19.06.20\" class=\"read-more\" href=\"https:\/\/ccoo.app\/inditex\/reunion-prl-19-06-20\/\" aria-label=\"Leer m\u00e1s sobre REUNION PRL 19.06.20\">Leer m\u00e1s<\/a><\/p>\n","protected":false},"author":5198,"featured_media":4725,"comment_status":"closed","ping_status":"open","sticky":false,"template":"","format":"standard","meta":{"footnotes":""},"categories":[74,75],"tags":[],"class_list":["post-4730","post","type-post","status-publish","format-standard","has-post-thumbnail","hentry","category-tempe-noticias","category-tempe-notificar-app","generate-columns","tablet-grid-50","mobile-grid-100","grid-parent","grid-33"],"_links":{"self":[{"href":"https:\/\/ccoo.app\/inditex\/wp-json\/wp\/v2\/posts\/4730","targetHints":{"allow":["GET"]}}],"collection":[{"href":"https:\/\/ccoo.app\/inditex\/wp-json\/wp\/v2\/posts"}],"about":[{"href":"https:\/\/ccoo.app\/inditex\/wp-json\/wp\/v2\/types\/post"}],"author":[{"embeddable":true,"href":"https:\/\/ccoo.app\/inditex\/wp-json\/wp\/v2\/users\/5198"}],"replies":[{"embeddable":true,"href":"https:\/\/ccoo.app\/inditex\/wp-json\/wp\/v2\/comments?post=4730"}],"version-history":[{"count":1,"href":"https:\/\/ccoo.app\/inditex\/wp-json\/wp\/v2\/posts\/4730\/revisions"}],"predecessor-version":[{"id":7567,"href":"https:\/\/ccoo.app\/inditex\/wp-json\/wp\/v2\/posts\/4730\/revisions\/7567"}],"wp:featuredmedia":[{"embeddable":true,"href":"https:\/\/ccoo.app\/inditex\/wp-json\/wp\/v2\/media\/4725"}],"wp:attachment":[{"href":"https:\/\/ccoo.app\/inditex\/wp-json\/wp\/v2\/media?parent=4730"}],"wp:term":[{"taxonomy":"category","embeddable":true,"href":"https:\/\/ccoo.app\/inditex\/wp-json\/wp\/v2\/categories?post=4730"},{"taxonomy":"post_tag","embeddable":true,"href":"https:\/\/ccoo.app\/inditex\/wp-json\/wp\/v2\/tags?post=4730"}],"curies":[{"name":"wp","href":"https:\/\/api.w.org\/{rel}","templated":true}]}}