{"id":4726,"date":"2020-06-18T22:19:14","date_gmt":"2020-06-18T20:19:14","guid":{"rendered":"https:\/\/ccooinditex.com\/?p=4726"},"modified":"2022-03-22T16:19:20","modified_gmt":"2022-03-22T15:19:20","slug":"reunion-plenaria-del-comite-de-empresa-europeo-con-el-grupo-inditex-2","status":"publish","type":"post","link":"https:\/\/ccoo.app\/inditex\/reunion-plenaria-del-comite-de-empresa-europeo-con-el-grupo-inditex-2\/","title":{"rendered":"REUNI\u00d3N PLENARIA DEL COMIT\u00c9 DE EMPRESA EUROPEO CON EL GRUPO INDITEX"},"content":{"rendered":"<p>&lt;!???REUNI\u00d3N PLENARIA DEL COMIT\u00c9 DE EMPRESA EUROPEO CON EL GRUPO INDITEX<br \/>\n\u2139\ufe0fEl 17 de junio se ha realizado la reuni\u00f3n plenaria por videoconferencia del comit\u00e9 de empresa europeo con el Grupo Inditex. Estaban presentes representantes sindicales de Italia, Francia, Portugal, B\u00e9lgica, Luxemburgo, Alemania y Espa\u00f1a. Tambi\u00e9n una representante UNI Comercio como coordinadora del CEE.<\/p>\n<ol>\n<li>\u2611\ufe0fEsta reuni\u00f3n ha tenido lugar en plena situaci\u00f3n de crisis creada por la pandemia del Covid19. Por otro lado el anuncio por parte del presidente de Inditex del plan estrat\u00e9gico de la compa\u00f1\u00eda para los a\u00f1os 2020-2022, acelerando los planes previstos como consecuencia de la propia pandemia, hac\u00edan de esta reuni\u00f3n un acto muy importante.<\/li>\n<\/ol>\n<p>&gt;    \t<\/p>\n","protected":false},"excerpt":{"rendered":"<p>&lt;!???REUNI\u00d3N PLENARIA DEL COMIT\u00c9 DE EMPRESA EUROPEO CON EL GRUPO INDITEX \u2139\ufe0fEl 17 de junio se ha realizado la reuni\u00f3n plenaria por videoconferencia del comit\u00e9 de empresa europeo con el &#8230; <a title=\"REUNI\u00d3N PLENARIA DEL COMIT\u00c9 DE EMPRESA EUROPEO CON EL GRUPO INDITEX\" class=\"read-more\" href=\"https:\/\/ccoo.app\/inditex\/reunion-plenaria-del-comite-de-empresa-europeo-con-el-grupo-inditex-2\/\" aria-label=\"Leer m\u00e1s sobre REUNI\u00d3N PLENARIA DEL COMIT\u00c9 DE EMPRESA EUROPEO CON EL GRUPO INDITEX\">Leer m\u00e1s<\/a><\/p>\n","protected":false},"author":5198,"featured_media":4725,"comment_status":"closed","ping_status":"open","sticky":false,"template":"","format":"standard","meta":{"footnotes":""},"categories":[74,75],"tags":[],"class_list":["post-4726","post","type-post","status-publish","format-standard","has-post-thumbnail","hentry","category-tempe-noticias","category-tempe-notificar-app","generate-columns","tablet-grid-50","mobile-grid-100","grid-parent","grid-33"],"_links":{"self":[{"href":"https:\/\/ccoo.app\/inditex\/wp-json\/wp\/v2\/posts\/4726","targetHints":{"allow":["GET"]}}],"collection":[{"href":"https:\/\/ccoo.app\/inditex\/wp-json\/wp\/v2\/posts"}],"about":[{"href":"https:\/\/ccoo.app\/inditex\/wp-json\/wp\/v2\/types\/post"}],"author":[{"embeddable":true,"href":"https:\/\/ccoo.app\/inditex\/wp-json\/wp\/v2\/users\/5198"}],"replies":[{"embeddable":true,"href":"https:\/\/ccoo.app\/inditex\/wp-json\/wp\/v2\/comments?post=4726"}],"version-history":[{"count":1,"href":"https:\/\/ccoo.app\/inditex\/wp-json\/wp\/v2\/posts\/4726\/revisions"}],"predecessor-version":[{"id":7568,"href":"https:\/\/ccoo.app\/inditex\/wp-json\/wp\/v2\/posts\/4726\/revisions\/7568"}],"wp:featuredmedia":[{"embeddable":true,"href":"https:\/\/ccoo.app\/inditex\/wp-json\/wp\/v2\/media\/4725"}],"wp:attachment":[{"href":"https:\/\/ccoo.app\/inditex\/wp-json\/wp\/v2\/media?parent=4726"}],"wp:term":[{"taxonomy":"category","embeddable":true,"href":"https:\/\/ccoo.app\/inditex\/wp-json\/wp\/v2\/categories?post=4726"},{"taxonomy":"post_tag","embeddable":true,"href":"https:\/\/ccoo.app\/inditex\/wp-json\/wp\/v2\/tags?post=4726"}],"curies":[{"name":"wp","href":"https:\/\/api.w.org\/{rel}","templated":true}]}}