{"id":4688,"date":"2020-06-12T14:13:23","date_gmt":"2020-06-12T12:13:23","guid":{"rendered":"https:\/\/ccooinditex.com\/?p=4688"},"modified":"2022-03-22T16:19:26","modified_gmt":"2022-03-22T15:19:26","slug":"reunion-especial-prevencion-covid-19-12-06-2020","status":"publish","type":"post","link":"https:\/\/ccoo.app\/inditex\/reunion-especial-prevencion-covid-19-12-06-2020\/","title":{"rendered":"REUNI\u00d3N ESPECIAL PREVENCI\u00d3N COVID-19.  12 06 2020"},"content":{"rendered":"<p>&lt;!En la reuni\u00f3n se han tratado, entre otros temas:<br \/>\n<span class=\"_5mfr\"><span class=\"_6qdm\">\u2611\ufe0f<\/span><\/span>Se informa de los datos covid desde el comienzo de la pandemia:<br \/>\n92 casos de s\u00edntomas compatibles con el Covid, 86 personas que han pasado por cuarentena, 76 pruebas realizadas (1 PCR+75 serol\u00f3gicos) y que 6 personas contin\u00faan de baja por s\u00edntomas compatibles con el covid.<br \/>\n<span class=\"_5mfr\"><span class=\"_6qdm\">\u2611\ufe0f<\/span><\/span>Se nos informa que se ha empezado a hacer entrega de los \u00absalvaorejas\u00bb a la plantilla.<br \/>\n<span class=\"_5mfr\"><span class=\"_6qdm\">\u2611\ufe0f<\/span><\/span>Se nos traslada que el personal est\u00e1 realizando los cursos de formaci\u00f3n de seguridad a\u00e9rea y covid en horario de trabajo, y CCOO pregunta que cual es la situaci\u00f3n de los que ya lo hubieran hecho en su casa, y se responde que lo va a realizar todos, incluso los que ya lo tuvieran hecho.<br \/>\n<span class=\"_5mfr\"><span class=\"_6qdm\">\u2611\ufe0f<\/span><\/span>El lunes se retomaran los controles\/reconocimientos por parte del servicio m\u00e9dico de las personas que tuvieran recomendaci\u00f3n de tareas.<br \/>\n<span class=\"_5mfr\"><span class=\"_6qdm\">\u2611\ufe0f<\/span><\/span>Se van a colocar unos carteles informativos para los camioneros de las normas de obligado cumplimiento en el almac\u00e9n en las puertas de muelles de precintados y desprecintados del almac\u00e9n.<br \/>\n<span class=\"_5mfr\"><span class=\"_6qdm\">\u2611\ufe0f<\/span><\/span>Se nos comenta que se va a solicitar al \u00fanico caso confirmado de covid que si desea participar en un estudio de investigaci\u00f3n por parte de la universidad de Santiago de Compostela.<br \/>\n<span class=\"_5mfr\"><span class=\"_6qdm\">\u2611\ufe0f<\/span><\/span>Se comunica que el vestuario continuara cerrado por el momento y ante la informaci\u00f3n de que en Meco se han abierto, se dice que es una decisi\u00f3n de cada centro el abrir o no dicha zona com\u00fan.<br \/>\n<span class=\"_5mfr\"><span class=\"_6qdm\">\u2611\ufe0f<\/span><\/span>Se nos informa debido a la fase 3 de covid en nuestra zona geogr\u00e1fica se va a eliminar el cuestionario del covid de la Inet, el que se ven\u00eda rellenando todas las semanas.<br \/>\n<span class=\"_5mfr\"><span class=\"_6qdm\">?<\/span><\/span>CCOO solicita que se realicen cursos de recogepedidos para las secciones en las que se tiene pactado que el 100% del personal debe tener hecho dicho curso tales como exportaci\u00f3n y expedici\u00f3n. El covid no tiene que ser una excusa, ya que es posible realizarlos, al ser el propio t\u00e9cnico de prevenci\u00f3n y no alguien externo el que los gestiona. Este curso da a todos las mismas posibilidades de entrar en las rotaciones de puestos y debe quedar garantizada dicha igualdad.<br \/>\n<span class=\"_5mfr\"><span class=\"_6qdm\">?<\/span><\/span>CCOO comenta que se debe llevar un seguimiento del cumplimiento de las normas (mascarillas) por parte de prevenci\u00f3n de las contratas que siguen trabajando dentro del centro. El t\u00e9cnico nos comenta que seamos m\u00e1s espec\u00edficos en que contrata y lugar se incumplen las normas pero que llevara un seguimiento m\u00e1s exhaustivo del tema.<br \/>\n<span class=\"_5mfr\"><span class=\"_6qdm\">?<\/span><\/span>CCOO insiste en la situaci\u00f3n absurda de tener que tirar bebidas y frutas sin consumir en los descansos y pedimos que se reconsidere. Se nos comunica que se trasmitir\u00e1 a almac\u00e9n.<br \/>\n<span class=\"_5mfr\"><span class=\"_6qdm\">?<\/span><\/span>CCOO comenta que se ven incumplimientos de la norma de llevar chalecos siempre que se est\u00e9 manipulando una m\u00e1quina de hombre abordo (apiladoras, recogepedidos, toros, etc&#8230;) y que se deber\u00eda insistir en trasmitir esa norma de prevenci\u00f3n al personal.<br \/>\n<span class=\"_5mfr\"><span class=\"_6qdm\">?<\/span><\/span>CCOO pregunta sobre si se ha tomado una decisi\u00f3n sobre las opciones que tienen para eliminar los vasos de cart\u00f3n y si a\u00fan podemos proponer soluciones. Nos responden que a\u00fan est\u00e1n en periodo de decisi\u00f3n y que a\u00fan podemos proponer opciones. Adem\u00e1s comentan que a\u00fan no saben cu\u00e1ndo eliminaran los botellines de agua. Nos comentan que las fuentes est\u00e1n ya modificadas y desprecintadas aunque no se est\u00e1n usando porque la gente toma agua embotellada.<br \/>\n<span class=\"_5mfr\"><span class=\"_6qdm\">?<\/span><\/span>CCOO solicita el informe que a\u00fan no tiene a disposici\u00f3n sobre la vuelta del personal sensible. Prevenci\u00f3n nos comunica que el servicio de prevenci\u00f3n de Inditex (Coru\u00f1a) ha estado dando forma y realizando cambios al documento y esa es la causa de que no lo tengan a\u00fan, pero se entregara en el trascurso de esta semana.<br \/>\n<span class=\"_5mfr\"><span class=\"_6qdm\">?<\/span><\/span>CCOO solicita que como ya pidi\u00f3 en la reuni\u00f3n pasada, se fijen fechas para las mediciones de temperaturas pendientes. El t\u00e9cnico comenta que se ha puesto en contacto con la t\u00e9cnica que va a realizar las mediciones y que se buscara fecha. CCOO solicita que para evitar problemas como los del a\u00f1o pasado, se fijen o reserve varios d\u00edas para realizar las mediciones y que si un d\u00eda fijado no se dan las condiciones m\u00ednimas para medir se realicen en la siguiente fecha marcada. El t\u00e9cnico dice que pedir\u00e1 que se reserven varios d\u00edas. Se fija el viernes 19, para tener una reuni\u00f3n de prevenci\u00f3n y fijar las variables de esas mediciones por consenso de todos los delegados de prevenci\u00f3n.<br \/>\n<span class=\"_5mfr\"><span class=\"_6qdm\">?<\/span><\/span>CCOO pregunta sobre el estado del estudio psicosocial, si est\u00e1 paralizado o continua activo. Se nos traslada que tienen que preguntar, ya que la persona que lo est\u00e1 realizando es de una contrata externa y no est\u00e1n, por el covid, autorizando la entrada de contratas que no sean las fijas del almac\u00e9n.<br \/>\n<span class=\"_5mfr\"><span class=\"_6qdm\">\u2611\ufe0f<\/span><\/span>Se fija la pr\u00f3xima reuni\u00f3n de covid para el mi\u00e9rcoles 17&gt;    \t<\/p>\n","protected":false},"excerpt":{"rendered":"<p>&lt;!En la reuni\u00f3n se han tratado, entre otros temas: \u2611\ufe0fSe informa de los datos covid desde el comienzo de la pandemia: 92 casos de s\u00edntomas compatibles con el Covid, 86 &#8230; <a title=\"REUNI\u00d3N ESPECIAL PREVENCI\u00d3N COVID-19.  12 06 2020\" class=\"read-more\" href=\"https:\/\/ccoo.app\/inditex\/reunion-especial-prevencion-covid-19-12-06-2020\/\" aria-label=\"Leer m\u00e1s sobre REUNI\u00d3N ESPECIAL PREVENCI\u00d3N COVID-19.  12 06 2020\">Leer m\u00e1s<\/a><\/p>\n","protected":false},"author":5190,"featured_media":4572,"comment_status":"closed","ping_status":"open","sticky":false,"template":"","format":"standard","meta":{"footnotes":""},"categories":[136,14],"tags":[],"class_list":["post-4688","post","type-post","status-publish","format-standard","has-post-thumbnail","hentry","category-noticias-plataforma-europa","category-plataforma-europa","generate-columns","tablet-grid-50","mobile-grid-100","grid-parent","grid-33"],"_links":{"self":[{"href":"https:\/\/ccoo.app\/inditex\/wp-json\/wp\/v2\/posts\/4688","targetHints":{"allow":["GET"]}}],"collection":[{"href":"https:\/\/ccoo.app\/inditex\/wp-json\/wp\/v2\/posts"}],"about":[{"href":"https:\/\/ccoo.app\/inditex\/wp-json\/wp\/v2\/types\/post"}],"author":[{"embeddable":true,"href":"https:\/\/ccoo.app\/inditex\/wp-json\/wp\/v2\/users\/5190"}],"replies":[{"embeddable":true,"href":"https:\/\/ccoo.app\/inditex\/wp-json\/wp\/v2\/comments?post=4688"}],"version-history":[{"count":1,"href":"https:\/\/ccoo.app\/inditex\/wp-json\/wp\/v2\/posts\/4688\/revisions"}],"predecessor-version":[{"id":7576,"href":"https:\/\/ccoo.app\/inditex\/wp-json\/wp\/v2\/posts\/4688\/revisions\/7576"}],"wp:featuredmedia":[{"embeddable":true,"href":"https:\/\/ccoo.app\/inditex\/wp-json\/wp\/v2\/media\/4572"}],"wp:attachment":[{"href":"https:\/\/ccoo.app\/inditex\/wp-json\/wp\/v2\/media?parent=4688"}],"wp:term":[{"taxonomy":"category","embeddable":true,"href":"https:\/\/ccoo.app\/inditex\/wp-json\/wp\/v2\/categories?post=4688"},{"taxonomy":"post_tag","embeddable":true,"href":"https:\/\/ccoo.app\/inditex\/wp-json\/wp\/v2\/tags?post=4688"}],"curies":[{"name":"wp","href":"https:\/\/api.w.org\/{rel}","templated":true}]}}