{"id":4645,"date":"2020-06-01T19:18:49","date_gmt":"2020-06-01T17:18:49","guid":{"rendered":"https:\/\/ccooinditex.com\/?p=4645"},"modified":"2022-03-22T16:19:32","modified_gmt":"2022-03-22T15:19:32","slug":"reunion-especial-prevencion-covid-19-01-06-2020","status":"publish","type":"post","link":"https:\/\/ccoo.app\/inditex\/reunion-especial-prevencion-covid-19-01-06-2020\/","title":{"rendered":"REUNI\u00d3N ESPECIAL PREVENCI\u00d3N COVID-19. 01 06 2020"},"content":{"rendered":"<p>&lt;!En la reuni\u00f3n se han tratado los siguientes temas:<br \/>\n<span class=\"_5mfr\"><span class=\"_6qdm\">\u2611\ufe0f<\/span><\/span>A fecha de hoy se han realizado un total de 46 pruebas de test PCR y serol\u00f3gicos dando todos resultado negativo, 82 personas han presentado s\u00edntomas compatibles con los del coronavirus y 45 han pasado por cuarentena desde que se inici\u00f3 la pandemia.<br \/>\n<span class=\"_5mfr\"><span class=\"_6qdm\">\u2611\ufe0f<\/span><\/span>Para evitar golpes con algunos cristales divisorios de los comedores, se han colocado acolchados, de color negro y amarillo, de advertencia.<br \/>\n<span class=\"_5mfr\"><span class=\"_6qdm\">\u2611\ufe0f<\/span><\/span>Se nos traslada que despu\u00e9s de la solicitud de CCOO de compra y reposici\u00f3n de alfombrillas antifatiga, para los puestos est\u00e1ticos del almac\u00e9n, se van a comprar 100 alfombrillas m\u00e1s para repartirlas por las secciones. Solicitamos que se retiren las que est\u00e9n desgastadas por el uso ya que no realizan su funci\u00f3n correctamente.<br \/>\n<span class=\"_5mfr\"><span class=\"_6qdm\">\u2611\ufe0f<\/span><\/span>Desde CCOO, y teniendo en cuenta que la mascarilla est\u00e1 establecida como medida preventiva y no como EPI, hemos solicitado que se inicie la b\u00fasqueda de una mascarilla de tipo textil homologada, y que ofrezca todas las garant\u00edas necesarias, para sustituir las quir\u00fargicas que estamos usando, ya que podr\u00edan reducir la cantidad de residuos que estamos generando, y ser\u00eda una buena opci\u00f3n para el personal que pudiera sufrir de dolencias tipo dermatitis u otras que pudieran ser causadas por la actual mascarilla.<br \/>\nSe nos dice que se trasladara al departamento oportuno de Coru\u00f1a y se nos dar\u00e1 respuesta.<br \/>\n<span class=\"_5mfr\"><span class=\"_6qdm\">\u26a0\ufe0f<\/span><\/span>Recordamos que todo el personal que pueda tener alg\u00fan problema m\u00e9dico con el uso de las mascarillas puede acudir al servicio m\u00e9dico y plantear su problema para buscar posibles soluciones.<br \/>\n<span class=\"_5mfr\"><span class=\"_6qdm\">\u2611\ufe0f<\/span><\/span>Hemos reiterado nuestra petici\u00f3n de la realizaci\u00f3n de test serol\u00f3gicos a toda la plantilla. Esperamos una respuesta a la petici\u00f3n por parte de la empresa.<br \/>\n<span class=\"_5mfr\"><span class=\"_6qdm\">\u2611\ufe0f<\/span><\/span>Como ya solicitamos en anteriores reuniones, hemos vuelto a solicitar la actualizaci\u00f3n del documento de Medidas colgado en la Inet sobre el Covid, para que todo el personal tenga toda la informaci\u00f3n de c\u00f3mo, donde, y porque debe realizar las medidas preventivas aplicadas. Se nos responde que estar\u00e1 actualizado antes del viernes.<br \/>\n<span class=\"_5mfr\"><span class=\"_6qdm\">\u2611\ufe0f<\/span><\/span>La entrega al CSS de la Evaluaci\u00f3n de Riesgos (SARS-COV-2)<br \/>\n<span class=\"_5mfr\"><span class=\"_6qdm\">\u2611\ufe0f<\/span><\/span>Se informa que en la pr\u00f3xima reuni\u00f3n revisaremos el uso de mascarilla en algunos puestos.<br \/>\n<span class=\"_5mfr\"><span class=\"_6qdm\">\u2611\ufe0f<\/span><\/span>Se nos comunica que se va a lanzar un mini-curso online sobre Covid, y es a nivel de Grupo. Si bien no se ha concretado ni cuando ni como.<br \/>\n<span class=\"text_exposed_show\"><br \/>\n<span class=\"_5mfr\"><span class=\"_6qdm\">\u26a0\ufe0f<\/span><\/span>El curso esta disponible en la APP y a trav\u00e9s de la Web.<\/span>&gt;    \t<\/p>\n","protected":false},"excerpt":{"rendered":"<p>&lt;!En la reuni\u00f3n se han tratado los siguientes temas: \u2611\ufe0fA fecha de hoy se han realizado un total de 46 pruebas de test PCR y serol\u00f3gicos dando todos resultado negativo, &#8230; <a title=\"REUNI\u00d3N ESPECIAL PREVENCI\u00d3N COVID-19. 01 06 2020\" class=\"read-more\" href=\"https:\/\/ccoo.app\/inditex\/reunion-especial-prevencion-covid-19-01-06-2020\/\" aria-label=\"Leer m\u00e1s sobre REUNI\u00d3N ESPECIAL PREVENCI\u00d3N COVID-19. 01 06 2020\">Leer m\u00e1s<\/a><\/p>\n","protected":false},"author":5190,"featured_media":4572,"comment_status":"closed","ping_status":"open","sticky":false,"template":"","format":"standard","meta":{"footnotes":""},"categories":[136,14],"tags":[],"class_list":["post-4645","post","type-post","status-publish","format-standard","has-post-thumbnail","hentry","category-noticias-plataforma-europa","category-plataforma-europa","generate-columns","tablet-grid-50","mobile-grid-100","grid-parent","grid-33"],"_links":{"self":[{"href":"https:\/\/ccoo.app\/inditex\/wp-json\/wp\/v2\/posts\/4645","targetHints":{"allow":["GET"]}}],"collection":[{"href":"https:\/\/ccoo.app\/inditex\/wp-json\/wp\/v2\/posts"}],"about":[{"href":"https:\/\/ccoo.app\/inditex\/wp-json\/wp\/v2\/types\/post"}],"author":[{"embeddable":true,"href":"https:\/\/ccoo.app\/inditex\/wp-json\/wp\/v2\/users\/5190"}],"replies":[{"embeddable":true,"href":"https:\/\/ccoo.app\/inditex\/wp-json\/wp\/v2\/comments?post=4645"}],"version-history":[{"count":1,"href":"https:\/\/ccoo.app\/inditex\/wp-json\/wp\/v2\/posts\/4645\/revisions"}],"predecessor-version":[{"id":7588,"href":"https:\/\/ccoo.app\/inditex\/wp-json\/wp\/v2\/posts\/4645\/revisions\/7588"}],"wp:featuredmedia":[{"embeddable":true,"href":"https:\/\/ccoo.app\/inditex\/wp-json\/wp\/v2\/media\/4572"}],"wp:attachment":[{"href":"https:\/\/ccoo.app\/inditex\/wp-json\/wp\/v2\/media?parent=4645"}],"wp:term":[{"taxonomy":"category","embeddable":true,"href":"https:\/\/ccoo.app\/inditex\/wp-json\/wp\/v2\/categories?post=4645"},{"taxonomy":"post_tag","embeddable":true,"href":"https:\/\/ccoo.app\/inditex\/wp-json\/wp\/v2\/tags?post=4645"}],"curies":[{"name":"wp","href":"https:\/\/api.w.org\/{rel}","templated":true}]}}