{"id":4610,"date":"2020-05-29T09:41:47","date_gmt":"2020-05-29T07:41:47","guid":{"rendered":"https:\/\/ccooinditex.com\/?p=4610"},"modified":"2022-03-22T16:19:34","modified_gmt":"2022-03-22T15:19:34","slug":"reunion-de-la-seccion-sindical-del-grupo-inditex","status":"publish","type":"post","link":"https:\/\/ccoo.app\/inditex\/reunion-de-la-seccion-sindical-del-grupo-inditex\/","title":{"rendered":"REUNI\u00d3N DE LA SECCI\u00d3N SINDICAL DEL GRUPO INDITEX. 28 de mayo de 2020"},"content":{"rendered":"<p>&lt;!La Secci\u00f3n Sindical de CCOO de Industria en el Grupo Inditex, realizo ayer, 28 de mayo de 10 a 14 horas, una reuni\u00f3n de su Comisi\u00f3n Ejecutiva, y representantes de CCOO en los centros de trabajo, para hacer balance del trabajo sindical realizado en este periodo de pandemia, y los objetivos a corto y medio plazo pendientes: negociaciones, desescalada, etc. Tambi\u00e9n se aprobaron dos resoluciones: una de apoyo a los compa\u00f1eros y compa\u00f1eras de Nissan por el cierre de la planta de Barcelona, y otra por los despidos de Alcoa.<br \/>\n<a href=\"http:\/\/ccoo.app\/inditex\/wp-content\/blogs.dir\/6\/files\/sites\/119\/2020\/05\/resolucion-de-apoyo-a-los-trabajadores-y-trabajadoras-de-nissan-1.pdf\">RESOLUCI\u00d3N DE APOYO A LOS TRABAJADORES Y TRABAJADORAS DE NISSAN<\/a><br \/>\n&nbsp;<br \/>\n<a href=\"http:\/\/ccoo.app\/inditex\/wp-content\/blogs.dir\/6\/files\/sites\/119\/2020\/05\/resolucion-de-apoyo-a-los-trabajadores-y-trabajadoras-de-alcoa-y-aluiberica-1.pdf\">RESOLUCIO\u0301N DE APOYO A LOS TRABAJADORES Y TRABAJADORAS DE ALCOA Y ALUIBE\u0301RICA<\/a><br \/>\n&nbsp;<br \/>\n<img loading=\"lazy\" decoding=\"async\" class=\"alignnone size-medium wp-image-4611\" src=\"http:\/\/ccoo.app\/inditex\/wp-content\/blogs.dir\/6\/files\/sites\/119\/2020\/05\/reunion-ce-1-300x168.jpg\" alt=\"\" width=\"300\" height=\"168\" \/>&gt;    \t<\/p>\n","protected":false},"excerpt":{"rendered":"<p>&lt;!La Secci\u00f3n Sindical de CCOO de Industria en el Grupo Inditex, realizo ayer, 28 de mayo de 10 a 14 horas, una reuni\u00f3n de su Comisi\u00f3n Ejecutiva, y representantes de &#8230; <a title=\"REUNI\u00d3N DE LA SECCI\u00d3N SINDICAL DEL GRUPO INDITEX. 28 de mayo de 2020\" class=\"read-more\" href=\"https:\/\/ccoo.app\/inditex\/reunion-de-la-seccion-sindical-del-grupo-inditex\/\" aria-label=\"Leer m\u00e1s sobre REUNI\u00d3N DE LA SECCI\u00d3N SINDICAL DEL GRUPO INDITEX. 28 de mayo de 2020\">Leer m\u00e1s<\/a><\/p>\n","protected":false},"author":5190,"featured_media":4612,"comment_status":"closed","ping_status":"open","sticky":false,"template":"","format":"standard","meta":{"footnotes":""},"categories":[3],"tags":[],"class_list":["post-4610","post","type-post","status-publish","format-standard","has-post-thumbnail","hentry","category-noticias","generate-columns","tablet-grid-50","mobile-grid-100","grid-parent","grid-33"],"_links":{"self":[{"href":"https:\/\/ccoo.app\/inditex\/wp-json\/wp\/v2\/posts\/4610","targetHints":{"allow":["GET"]}}],"collection":[{"href":"https:\/\/ccoo.app\/inditex\/wp-json\/wp\/v2\/posts"}],"about":[{"href":"https:\/\/ccoo.app\/inditex\/wp-json\/wp\/v2\/types\/post"}],"author":[{"embeddable":true,"href":"https:\/\/ccoo.app\/inditex\/wp-json\/wp\/v2\/users\/5190"}],"replies":[{"embeddable":true,"href":"https:\/\/ccoo.app\/inditex\/wp-json\/wp\/v2\/comments?post=4610"}],"version-history":[{"count":1,"href":"https:\/\/ccoo.app\/inditex\/wp-json\/wp\/v2\/posts\/4610\/revisions"}],"predecessor-version":[{"id":7592,"href":"https:\/\/ccoo.app\/inditex\/wp-json\/wp\/v2\/posts\/4610\/revisions\/7592"}],"wp:featuredmedia":[{"embeddable":true,"href":"https:\/\/ccoo.app\/inditex\/wp-json\/wp\/v2\/media\/4612"}],"wp:attachment":[{"href":"https:\/\/ccoo.app\/inditex\/wp-json\/wp\/v2\/media?parent=4610"}],"wp:term":[{"taxonomy":"category","embeddable":true,"href":"https:\/\/ccoo.app\/inditex\/wp-json\/wp\/v2\/categories?post=4610"},{"taxonomy":"post_tag","embeddable":true,"href":"https:\/\/ccoo.app\/inditex\/wp-json\/wp\/v2\/tags?post=4610"}],"curies":[{"name":"wp","href":"https:\/\/api.w.org\/{rel}","templated":true}]}}