{"id":4598,"date":"2020-05-27T08:58:38","date_gmt":"2020-05-27T06:58:38","guid":{"rendered":"https:\/\/ccooinditex.com\/?p=4598"},"modified":"2022-03-22T16:19:36","modified_gmt":"2022-03-22T15:19:36","slug":"primer-dia-de-luto-nacional","status":"publish","type":"post","link":"https:\/\/ccoo.app\/inditex\/primer-dia-de-luto-nacional\/","title":{"rendered":"Primer d\u00eda de Luto nacional."},"content":{"rendered":"<p>&lt;!Desde la secci\u00f3n sindical de CCOO en Inditex, nos sumamos al luto oficial declarado por el gobierno para rendir tributo a las v\u00edctimas de Covid19 y trasladar nuestro p\u00e9same a sus familiares.<br \/>\nCon motivo del primer d\u00eda de duelo, animamos a los trabajadores y trabajadoras del Grupo Inditex a participar desde sus puestos de trabajo para detener por un minuto la actividad en el pa\u00eds.<\/p>\n<div class=\"text_exposed_show\">\n<span class=\"_5mfr\"><span class=\"_6qdm\">\u2611\ufe0f<\/span><\/span>Una vez que Espa\u00f1a haya superado el estado de alarma, est\u00e1 previsto un gran acto oficial en memoria de las v\u00edctimas.<br \/>\n<img loading=\"lazy\" decoding=\"async\" class=\"alignnone size-medium wp-image-4594\" src=\"http:\/\/ccoo.app\/inditex\/wp-content\/blogs.dir\/6\/files\/sites\/119\/2020\/05\/fb_img_1590579416460-1-300x150.jpg\" alt=\"\" width=\"300\" height=\"150\" \/>\n<\/div>\n<p>&gt;    \t<\/p>\n","protected":false},"excerpt":{"rendered":"<p>&lt;!Desde la secci\u00f3n sindical de CCOO en Inditex, nos sumamos al luto oficial declarado por el gobierno para rendir tributo a las v\u00edctimas de Covid19 y trasladar nuestro p\u00e9same a &#8230; <a title=\"Primer d\u00eda de Luto nacional.\" class=\"read-more\" href=\"https:\/\/ccoo.app\/inditex\/primer-dia-de-luto-nacional\/\" aria-label=\"Leer m\u00e1s sobre Primer d\u00eda de Luto nacional.\">Leer m\u00e1s<\/a><\/p>\n","protected":false},"author":5190,"featured_media":4595,"comment_status":"closed","ping_status":"open","sticky":false,"template":"","format":"standard","meta":{"footnotes":""},"categories":[3],"tags":[],"class_list":["post-4598","post","type-post","status-publish","format-standard","has-post-thumbnail","hentry","category-noticias","generate-columns","tablet-grid-50","mobile-grid-100","grid-parent","grid-33"],"_links":{"self":[{"href":"https:\/\/ccoo.app\/inditex\/wp-json\/wp\/v2\/posts\/4598","targetHints":{"allow":["GET"]}}],"collection":[{"href":"https:\/\/ccoo.app\/inditex\/wp-json\/wp\/v2\/posts"}],"about":[{"href":"https:\/\/ccoo.app\/inditex\/wp-json\/wp\/v2\/types\/post"}],"author":[{"embeddable":true,"href":"https:\/\/ccoo.app\/inditex\/wp-json\/wp\/v2\/users\/5190"}],"replies":[{"embeddable":true,"href":"https:\/\/ccoo.app\/inditex\/wp-json\/wp\/v2\/comments?post=4598"}],"version-history":[{"count":1,"href":"https:\/\/ccoo.app\/inditex\/wp-json\/wp\/v2\/posts\/4598\/revisions"}],"predecessor-version":[{"id":7595,"href":"https:\/\/ccoo.app\/inditex\/wp-json\/wp\/v2\/posts\/4598\/revisions\/7595"}],"wp:featuredmedia":[{"embeddable":true,"href":"https:\/\/ccoo.app\/inditex\/wp-json\/wp\/v2\/media\/4595"}],"wp:attachment":[{"href":"https:\/\/ccoo.app\/inditex\/wp-json\/wp\/v2\/media?parent=4598"}],"wp:term":[{"taxonomy":"category","embeddable":true,"href":"https:\/\/ccoo.app\/inditex\/wp-json\/wp\/v2\/categories?post=4598"},{"taxonomy":"post_tag","embeddable":true,"href":"https:\/\/ccoo.app\/inditex\/wp-json\/wp\/v2\/tags?post=4598"}],"curies":[{"name":"wp","href":"https:\/\/api.w.org\/{rel}","templated":true}]}}