{"id":4593,"date":"2020-05-27T14:33:57","date_gmt":"2020-05-27T12:33:57","guid":{"rendered":"https:\/\/ccooinditex.com\/?p=4593"},"modified":"2022-03-22T16:19:35","modified_gmt":"2022-03-22T15:19:35","slug":"luto-nacional","status":"publish","type":"post","link":"https:\/\/ccoo.app\/inditex\/luto-nacional\/","title":{"rendered":"LUTO NACIONAL"},"content":{"rendered":"<p>&lt;!??Luto nacional durante diez d\u00edas<br \/>\n&nbsp;<br \/>\n\u2139\ufe0fCon motivo del primer d\u00eda de duelo, animamos a los trabajadores y trabajadoras del Grupo Inditex a participar desde sus puestos de trabajo para detener por un minuto la actividad en el pa\u00eds.<br \/>\n&nbsp;<\/p>\n<ul>\n<li>\u2611\ufe0fUna vez que Espa\u00f1a haya superado el estado de alarma, est\u00e1 previsto un gran acto oficial en memoria de las v\u00edctimas.<\/li>\n<\/ul>\n<ol>\n<li><img loading=\"lazy\" decoding=\"async\" src=\"http:\/\/ccoo.app\/inditex\/wp-content\/blogs.dir\/6\/files\/sites\/119\/2020\/05\/fb_img_1590579416460-1.jpg\" alt=\"\" width=\"1080\" height=\"540\" \/><\/li>\n<\/ol>\n<p>&gt;    \t<\/p>\n","protected":false},"excerpt":{"rendered":"<p>&lt;!??Luto nacional durante diez d\u00edas &nbsp; \u2139\ufe0fCon motivo del primer d\u00eda de duelo, animamos a los trabajadores y trabajadoras del Grupo Inditex a participar desde sus puestos de trabajo para &#8230; <a title=\"LUTO NACIONAL\" class=\"read-more\" href=\"https:\/\/ccoo.app\/inditex\/luto-nacional\/\" aria-label=\"Leer m\u00e1s sobre LUTO NACIONAL\">Leer m\u00e1s<\/a><\/p>\n","protected":false},"author":5198,"featured_media":4595,"comment_status":"closed","ping_status":"open","sticky":false,"template":"","format":"standard","meta":{"footnotes":""},"categories":[52,74,75],"tags":[],"class_list":["post-4593","post","type-post","status-publish","format-standard","has-post-thumbnail","hentry","category-defecto","category-tempe-noticias","category-tempe-notificar-app","generate-columns","tablet-grid-50","mobile-grid-100","grid-parent","grid-33"],"_links":{"self":[{"href":"https:\/\/ccoo.app\/inditex\/wp-json\/wp\/v2\/posts\/4593","targetHints":{"allow":["GET"]}}],"collection":[{"href":"https:\/\/ccoo.app\/inditex\/wp-json\/wp\/v2\/posts"}],"about":[{"href":"https:\/\/ccoo.app\/inditex\/wp-json\/wp\/v2\/types\/post"}],"author":[{"embeddable":true,"href":"https:\/\/ccoo.app\/inditex\/wp-json\/wp\/v2\/users\/5198"}],"replies":[{"embeddable":true,"href":"https:\/\/ccoo.app\/inditex\/wp-json\/wp\/v2\/comments?post=4593"}],"version-history":[{"count":1,"href":"https:\/\/ccoo.app\/inditex\/wp-json\/wp\/v2\/posts\/4593\/revisions"}],"predecessor-version":[{"id":7594,"href":"https:\/\/ccoo.app\/inditex\/wp-json\/wp\/v2\/posts\/4593\/revisions\/7594"}],"wp:featuredmedia":[{"embeddable":true,"href":"https:\/\/ccoo.app\/inditex\/wp-json\/wp\/v2\/media\/4595"}],"wp:attachment":[{"href":"https:\/\/ccoo.app\/inditex\/wp-json\/wp\/v2\/media?parent=4593"}],"wp:term":[{"taxonomy":"category","embeddable":true,"href":"https:\/\/ccoo.app\/inditex\/wp-json\/wp\/v2\/categories?post=4593"},{"taxonomy":"post_tag","embeddable":true,"href":"https:\/\/ccoo.app\/inditex\/wp-json\/wp\/v2\/tags?post=4593"}],"curies":[{"name":"wp","href":"https:\/\/api.w.org\/{rel}","templated":true}]}}