{"id":4583,"date":"2020-05-29T10:09:22","date_gmt":"2020-05-29T08:09:22","guid":{"rendered":"https:\/\/ccooinditex.com\/?p=4583"},"modified":"2022-03-22T16:19:34","modified_gmt":"2022-03-22T15:19:34","slug":"protocolo-comedor","status":"publish","type":"post","link":"https:\/\/ccoo.app\/inditex\/protocolo-comedor\/","title":{"rendered":"PROTOCOLO COMEDOR ACTUALIZADO. SALA DE LACTANCIA"},"content":{"rendered":"<p>&lt;!<\/p>\n<p style=\"text-align: left\">Se actualiza el protocolo del comedor, y ya se puede llevar comida de casa, teniendo en cuenta que no est\u00e1n disponibles de momento los microondas, una reivindicaci\u00f3n que trasladamos a la Direcci\u00f3n, as\u00ed como la apertura de la zona de fumadores.<\/p>\n<p><img loading=\"lazy\" decoding=\"async\" class=\"\" src=\"https:\/\/s.w.org\/images\/core\/emoji\/12.0.0-1\/svg\/2611.svg\" alt=\"\u2611\ufe0f\" width=\"15\" height=\"15\" \/>Al estar apagadas las fuentes de agua, el personal que lo solicite en la linea del comedor, podr\u00e1 coger dos botellines de agua.<br \/>\n<span class=\"_5mfr\"><span class=\"_6qdm\">\u2611\ufe0f<\/span><\/span>Se puede coger al finalizar el turno de ma\u00f1ana el lote Fruta\/Postre.<br \/>\nTambi\u00e9n hemos solicitado la apertura de las salas de lactancia para las compa\u00f1eras que se han incorporado y la se\u00f1alizaci\u00f3n de los cristales laterales de las mesas del comedor.<br \/>\n<a href=\"http:\/\/ccoo.app\/inditex\/wp-content\/blogs.dir\/6\/files\/sites\/119\/2020\/05\/protocolo-comedor-1-pdf_es_es-1-1.pdf\">Protocolo comedor.pdf_(es_ES)<\/a><\/p>\n<p style=\"text-align: left\"><img loading=\"lazy\" decoding=\"async\" class=\"size-medium wp-image-4603 alignleft\" src=\"http:\/\/ccoo.app\/inditex\/wp-content\/blogs.dir\/6\/files\/sites\/119\/2020\/01\/0001-20-212x300.jpg\" alt=\"\" width=\"212\" height=\"300\" \/><\/p>\n<p>&nbsp;<br \/>\n&nbsp;<br \/>\n&nbsp;<br \/>\n&nbsp;&gt;    \t<\/p>\n","protected":false},"excerpt":{"rendered":"<p>&lt;! Se actualiza el protocolo del comedor, y ya se puede llevar comida de casa, teniendo en cuenta que no est\u00e1n disponibles de momento los microondas, una reivindicaci\u00f3n que trasladamos &#8230; <a title=\"PROTOCOLO COMEDOR ACTUALIZADO. SALA DE LACTANCIA\" class=\"read-more\" href=\"https:\/\/ccoo.app\/inditex\/protocolo-comedor\/\" aria-label=\"Leer m\u00e1s sobre PROTOCOLO COMEDOR ACTUALIZADO. SALA DE LACTANCIA\">Leer m\u00e1s<\/a><\/p>\n","protected":false},"author":5190,"featured_media":4589,"comment_status":"closed","ping_status":"open","sticky":false,"template":"","format":"standard","meta":{"footnotes":""},"categories":[136,14],"tags":[],"class_list":["post-4583","post","type-post","status-publish","format-standard","has-post-thumbnail","hentry","category-noticias-plataforma-europa","category-plataforma-europa","generate-columns","tablet-grid-50","mobile-grid-100","grid-parent","grid-33"],"_links":{"self":[{"href":"https:\/\/ccoo.app\/inditex\/wp-json\/wp\/v2\/posts\/4583","targetHints":{"allow":["GET"]}}],"collection":[{"href":"https:\/\/ccoo.app\/inditex\/wp-json\/wp\/v2\/posts"}],"about":[{"href":"https:\/\/ccoo.app\/inditex\/wp-json\/wp\/v2\/types\/post"}],"author":[{"embeddable":true,"href":"https:\/\/ccoo.app\/inditex\/wp-json\/wp\/v2\/users\/5190"}],"replies":[{"embeddable":true,"href":"https:\/\/ccoo.app\/inditex\/wp-json\/wp\/v2\/comments?post=4583"}],"version-history":[{"count":1,"href":"https:\/\/ccoo.app\/inditex\/wp-json\/wp\/v2\/posts\/4583\/revisions"}],"predecessor-version":[{"id":7591,"href":"https:\/\/ccoo.app\/inditex\/wp-json\/wp\/v2\/posts\/4583\/revisions\/7591"}],"wp:featuredmedia":[{"embeddable":true,"href":"https:\/\/ccoo.app\/inditex\/wp-json\/wp\/v2\/media\/4589"}],"wp:attachment":[{"href":"https:\/\/ccoo.app\/inditex\/wp-json\/wp\/v2\/media?parent=4583"}],"wp:term":[{"taxonomy":"category","embeddable":true,"href":"https:\/\/ccoo.app\/inditex\/wp-json\/wp\/v2\/categories?post=4583"},{"taxonomy":"post_tag","embeddable":true,"href":"https:\/\/ccoo.app\/inditex\/wp-json\/wp\/v2\/tags?post=4583"}],"curies":[{"name":"wp","href":"https:\/\/api.w.org\/{rel}","templated":true}]}}