{"id":4581,"date":"2020-05-26T13:16:23","date_gmt":"2020-05-26T11:16:23","guid":{"rendered":"https:\/\/ccooinditex.com\/?p=4581"},"modified":"2022-03-22T16:19:37","modified_gmt":"2022-03-22T15:19:37","slug":"reunion-especial-prevencion-covid-19-25-05-2020","status":"publish","type":"post","link":"https:\/\/ccoo.app\/inditex\/reunion-especial-prevencion-covid-19-25-05-2020\/","title":{"rendered":"REUNI\u00d3N ESPECIAL PREVENCI\u00d3N COVID-19.  25 05 2020"},"content":{"rendered":"<p>&lt;!Ayer, 25 de mayo, estuvo reunido el Comit\u00e9 de Seguridad y Salud en el que <strong>la direcci\u00f3n present\u00f3 un documento con los puestos de trabajo<\/strong>, y el uso, en los mismos, de la <strong>mascarilla quir\u00fargica como recomendable u obligatoria<\/strong>, al cual se hicieron aportaciones.<br \/>\nEn el <strong>listado no se contempla otros factores como la carga f\u00edsica del puesto de trabajo, el calor, etc. <\/strong>y, por consiguiente, el poder en estos puestos de trabajo o situaciones retirar la mascarilla, con seguridad para todo el personal, durante un rato.<br \/>\nDesde la secci\u00f3n sindical de CCOO, hemos solicitado al servicio de prevenci\u00f3n, respuesta de los siguientes temas, entre otros:<\/p>\n<ul>\n<li>Contemplar, en el uso de la mascarilla, otros factores como la manipulaci\u00f3n de cargas, calor, etc.<\/li>\n<li>Que figure por escrito el listado de puestos donde emplear la mascarilla (su obligatoriedad o recomendaci\u00f3n).<\/li>\n<li>Que la informaci\u00f3n a los trabajadores y trabajadoras este actualizado, (documento de medidas colgado en INET), ya que es el \u00daNICO sitio de acceso a informaci\u00f3n del personal.<\/li>\n<\/ul>\n<p>&nbsp;<br \/>\nEn referencia a la normativa interna de uso del comedor, hemos trasladado que se indique en que zona exterior se puede permanecer una vez salgamos del comedor, as\u00ed como, por que no se han habilitado las zonas de fumadores.&gt;    \t<\/p>\n","protected":false},"excerpt":{"rendered":"<p>&lt;!Ayer, 25 de mayo, estuvo reunido el Comit\u00e9 de Seguridad y Salud en el que la direcci\u00f3n present\u00f3 un documento con los puestos de trabajo, y el uso, en los &#8230; <a title=\"REUNI\u00d3N ESPECIAL PREVENCI\u00d3N COVID-19.  25 05 2020\" class=\"read-more\" href=\"https:\/\/ccoo.app\/inditex\/reunion-especial-prevencion-covid-19-25-05-2020\/\" aria-label=\"Leer m\u00e1s sobre REUNI\u00d3N ESPECIAL PREVENCI\u00d3N COVID-19.  25 05 2020\">Leer m\u00e1s<\/a><\/p>\n","protected":false},"author":5190,"featured_media":4572,"comment_status":"closed","ping_status":"open","sticky":false,"template":"","format":"standard","meta":{"footnotes":""},"categories":[136,14],"tags":[],"class_list":["post-4581","post","type-post","status-publish","format-standard","has-post-thumbnail","hentry","category-noticias-plataforma-europa","category-plataforma-europa","generate-columns","tablet-grid-50","mobile-grid-100","grid-parent","grid-33"],"_links":{"self":[{"href":"https:\/\/ccoo.app\/inditex\/wp-json\/wp\/v2\/posts\/4581","targetHints":{"allow":["GET"]}}],"collection":[{"href":"https:\/\/ccoo.app\/inditex\/wp-json\/wp\/v2\/posts"}],"about":[{"href":"https:\/\/ccoo.app\/inditex\/wp-json\/wp\/v2\/types\/post"}],"author":[{"embeddable":true,"href":"https:\/\/ccoo.app\/inditex\/wp-json\/wp\/v2\/users\/5190"}],"replies":[{"embeddable":true,"href":"https:\/\/ccoo.app\/inditex\/wp-json\/wp\/v2\/comments?post=4581"}],"version-history":[{"count":1,"href":"https:\/\/ccoo.app\/inditex\/wp-json\/wp\/v2\/posts\/4581\/revisions"}],"predecessor-version":[{"id":7596,"href":"https:\/\/ccoo.app\/inditex\/wp-json\/wp\/v2\/posts\/4581\/revisions\/7596"}],"wp:featuredmedia":[{"embeddable":true,"href":"https:\/\/ccoo.app\/inditex\/wp-json\/wp\/v2\/media\/4572"}],"wp:attachment":[{"href":"https:\/\/ccoo.app\/inditex\/wp-json\/wp\/v2\/media?parent=4581"}],"wp:term":[{"taxonomy":"category","embeddable":true,"href":"https:\/\/ccoo.app\/inditex\/wp-json\/wp\/v2\/categories?post=4581"},{"taxonomy":"post_tag","embeddable":true,"href":"https:\/\/ccoo.app\/inditex\/wp-json\/wp\/v2\/tags?post=4581"}],"curies":[{"name":"wp","href":"https:\/\/api.w.org\/{rel}","templated":true}]}}