{"id":4566,"date":"2020-05-22T15:43:33","date_gmt":"2020-05-22T13:43:33","guid":{"rendered":"https:\/\/ccooinditex.com\/?p=4566"},"modified":"2022-03-22T16:19:38","modified_gmt":"2022-03-22T15:19:38","slug":"retomamos-los-horarios-habituales-el-miercoles-27-de-mayo-a-las-0700","status":"publish","type":"post","link":"https:\/\/ccoo.app\/inditex\/retomamos-los-horarios-habituales-el-miercoles-27-de-mayo-a-las-0700\/","title":{"rendered":"Retomamos los horarios habituales el mi\u00e9rcoles 27 de mayo a las 07:00"},"content":{"rendered":"<p>&lt;!<span class=\"_5mfr\"><span class=\"_6qdm\">\u2611\ufe0f<\/span><\/span>El pr\u00f3ximo mi\u00e9rcoles 27\/05\/2020, volvemos a los horarios habituales.<\/p>\n<div class=\"text_exposed_show\">\nDesde el mi\u00e9rcoles de la pr\u00f3xima semana a las 7:00 de la ma\u00f1ana, todo el mundo tiene que realizar el horario y jornada que le marca su calendario de Inet.<br \/>\n<span class=\"_5mfr\"><span class=\"_6qdm\">\u2611\ufe0f<\/span><\/span>La noche del domingo al lunes (00:00), lunes y martes, de la pr\u00f3xima semana, se seguir\u00e1 a 6h,, es a partir del mi\u00e9rcoles a las 7:00 cuando se realiza dicho cambio.\n<\/div>\n<p><img loading=\"lazy\" decoding=\"async\" class=\"alignnone size-medium wp-image-4567\" src=\"http:\/\/ccoo.app\/inditex\/wp-content\/blogs.dir\/6\/files\/sites\/119\/2020\/05\/96371400_2720723781383272_1679162737621467136_o-1-2-300x165.jpg\" alt=\"\" width=\"300\" height=\"165\" \/><br \/>\n<span class=\"_5mfr\"><span class=\"_6qdm\">\u2611\ufe0f<\/span><\/span>El comedor abrir\u00e1 desde ese mi\u00e9rcoles, garantizando las medidas de seguridad oportunas.<\/p>\n<div class=\"text_exposed_show\">\n<span class=\"_5mfr\"><span class=\"_6qdm\">\u26a0\ufe0f<\/span><\/span>Si tienes que pedir bocadillo, recuerda solicitarlo en Inet de la forma habitual.\n<\/div>\n<p>&gt;    \t<\/p>\n","protected":false},"excerpt":{"rendered":"<p>&lt;!\u2611\ufe0fEl pr\u00f3ximo mi\u00e9rcoles 27\/05\/2020, volvemos a los horarios habituales. Desde el mi\u00e9rcoles de la pr\u00f3xima semana a las 7:00 de la ma\u00f1ana, todo el mundo tiene que realizar el horario &#8230; <a title=\"Retomamos los horarios habituales el mi\u00e9rcoles 27 de mayo a las 07:00\" class=\"read-more\" href=\"https:\/\/ccoo.app\/inditex\/retomamos-los-horarios-habituales-el-miercoles-27-de-mayo-a-las-0700\/\" aria-label=\"Leer m\u00e1s sobre Retomamos los horarios habituales el mi\u00e9rcoles 27 de mayo a las 07:00\">Leer m\u00e1s<\/a><\/p>\n","protected":false},"author":5190,"featured_media":4570,"comment_status":"closed","ping_status":"open","sticky":false,"template":"","format":"standard","meta":{"footnotes":""},"categories":[136,14],"tags":[],"class_list":["post-4566","post","type-post","status-publish","format-standard","has-post-thumbnail","hentry","category-noticias-plataforma-europa","category-plataforma-europa","generate-columns","tablet-grid-50","mobile-grid-100","grid-parent","grid-33"],"_links":{"self":[{"href":"https:\/\/ccoo.app\/inditex\/wp-json\/wp\/v2\/posts\/4566","targetHints":{"allow":["GET"]}}],"collection":[{"href":"https:\/\/ccoo.app\/inditex\/wp-json\/wp\/v2\/posts"}],"about":[{"href":"https:\/\/ccoo.app\/inditex\/wp-json\/wp\/v2\/types\/post"}],"author":[{"embeddable":true,"href":"https:\/\/ccoo.app\/inditex\/wp-json\/wp\/v2\/users\/5190"}],"replies":[{"embeddable":true,"href":"https:\/\/ccoo.app\/inditex\/wp-json\/wp\/v2\/comments?post=4566"}],"version-history":[{"count":1,"href":"https:\/\/ccoo.app\/inditex\/wp-json\/wp\/v2\/posts\/4566\/revisions"}],"predecessor-version":[{"id":7598,"href":"https:\/\/ccoo.app\/inditex\/wp-json\/wp\/v2\/posts\/4566\/revisions\/7598"}],"wp:featuredmedia":[{"embeddable":true,"href":"https:\/\/ccoo.app\/inditex\/wp-json\/wp\/v2\/media\/4570"}],"wp:attachment":[{"href":"https:\/\/ccoo.app\/inditex\/wp-json\/wp\/v2\/media?parent=4566"}],"wp:term":[{"taxonomy":"category","embeddable":true,"href":"https:\/\/ccoo.app\/inditex\/wp-json\/wp\/v2\/categories?post=4566"},{"taxonomy":"post_tag","embeddable":true,"href":"https:\/\/ccoo.app\/inditex\/wp-json\/wp\/v2\/tags?post=4566"}],"curies":[{"name":"wp","href":"https:\/\/api.w.org\/{rel}","templated":true}]}}