{"id":4555,"date":"2020-05-21T11:31:56","date_gmt":"2020-05-21T09:31:56","guid":{"rendered":"https:\/\/ccooinditex.com\/?p=4555"},"modified":"2022-03-22T16:19:39","modified_gmt":"2022-03-22T15:19:39","slug":"reunion-del-comite-de-empresa-europeo-de-inditex-con-la-direccion-el-17-de-junio","status":"publish","type":"post","link":"https:\/\/ccoo.app\/inditex\/reunion-del-comite-de-empresa-europeo-de-inditex-con-la-direccion-el-17-de-junio\/","title":{"rendered":"REUNI\u00d3N DEL COMIT\u00c9 DE EMPRESA EUROPEO DE INDITEX CON LA DIRECCI\u00d3N EL 17 DE JUNIO"},"content":{"rendered":"<p>&lt;!La reuni\u00f3n, que tendr\u00e1 lugar por viodeoconferencia, estaba en principio prevista para el comit\u00e9 restringido del CEE, pero el presidente del mismo (Julio Alquezar, de CCOO) plante\u00f3 la conveniencia de hacerla extensiva a todos los miembros ya que la situaci\u00f3n y los asuntos a tratar son importantes y afectan la mayor\u00eda de los pa\u00edses presentes en el CEE, y la empresa comparti\u00f3 este planteamiento.<br \/>\nAunque el horario y orden del d\u00eda todav\u00eda est\u00e1n por cerrarse, la reuni\u00f3n deber\u00e1 servir para que Inditex de respuestas a las muchas inquietudes y problemas ya planteados por los diferentes miembros del CEE, ligados fundamentalmente a las situaciones laborales y comerciales, y sobre todo su incidencia en el futuro de la compa\u00f1\u00eda, derivadas de la pandemia y los procesos de recuperaci\u00f3n de la actividad.<br \/>\nLa reuni\u00f3n debe servir en opini\u00f3n de CCOO no solamente para debatir estos asuntos, sino tambi\u00e9n para empezar a despejar inc\u00f3gnitas sobre el futuro de la compa\u00f1\u00eda en la pospandemia. Y debe contribuir a superar los problemas que como consecuencia de una situaci\u00f3n\u00a0\u00a0 tan compleja puedan darse, sobre todo en materia de seguridad y salud, y su repercusi\u00f3n en la organizaci\u00f3n del trabajo, jornada y horarios y conciliaci\u00f3n en toda la red de centros de trabajo. Y todo ello en la perspectiva transnacional propia de las competencias del CEE.<br \/>\n<a href=\"http:\/\/ccoo.app\/inditex\/wp-content\/blogs.dir\/6\/files\/sites\/119\/2020\/05\/comunicado-reunion-cee-inditex-17-06-2020-1.pdf\">Comunicado reuni\u00f3n CEE Inditex 17 06 2020<\/a>&gt;    \t<\/p>\n","protected":false},"excerpt":{"rendered":"<p>&lt;!La reuni\u00f3n, que tendr\u00e1 lugar por viodeoconferencia, estaba en principio prevista para el comit\u00e9 restringido del CEE, pero el presidente del mismo (Julio Alquezar, de CCOO) plante\u00f3 la conveniencia de &#8230; <a title=\"REUNI\u00d3N DEL COMIT\u00c9 DE EMPRESA EUROPEO DE INDITEX CON LA DIRECCI\u00d3N EL 17 DE JUNIO\" class=\"read-more\" href=\"https:\/\/ccoo.app\/inditex\/reunion-del-comite-de-empresa-europeo-de-inditex-con-la-direccion-el-17-de-junio\/\" aria-label=\"Leer m\u00e1s sobre REUNI\u00d3N DEL COMIT\u00c9 DE EMPRESA EUROPEO DE INDITEX CON LA DIRECCI\u00d3N EL 17 DE JUNIO\">Leer m\u00e1s<\/a><\/p>\n","protected":false},"author":5190,"featured_media":4559,"comment_status":"closed","ping_status":"open","sticky":false,"template":"","format":"standard","meta":{"footnotes":""},"categories":[3],"tags":[],"class_list":["post-4555","post","type-post","status-publish","format-standard","has-post-thumbnail","hentry","category-noticias","generate-columns","tablet-grid-50","mobile-grid-100","grid-parent","grid-33"],"_links":{"self":[{"href":"https:\/\/ccoo.app\/inditex\/wp-json\/wp\/v2\/posts\/4555","targetHints":{"allow":["GET"]}}],"collection":[{"href":"https:\/\/ccoo.app\/inditex\/wp-json\/wp\/v2\/posts"}],"about":[{"href":"https:\/\/ccoo.app\/inditex\/wp-json\/wp\/v2\/types\/post"}],"author":[{"embeddable":true,"href":"https:\/\/ccoo.app\/inditex\/wp-json\/wp\/v2\/users\/5190"}],"replies":[{"embeddable":true,"href":"https:\/\/ccoo.app\/inditex\/wp-json\/wp\/v2\/comments?post=4555"}],"version-history":[{"count":1,"href":"https:\/\/ccoo.app\/inditex\/wp-json\/wp\/v2\/posts\/4555\/revisions"}],"predecessor-version":[{"id":7601,"href":"https:\/\/ccoo.app\/inditex\/wp-json\/wp\/v2\/posts\/4555\/revisions\/7601"}],"wp:featuredmedia":[{"embeddable":true,"href":"https:\/\/ccoo.app\/inditex\/wp-json\/wp\/v2\/media\/4559"}],"wp:attachment":[{"href":"https:\/\/ccoo.app\/inditex\/wp-json\/wp\/v2\/media?parent=4555"}],"wp:term":[{"taxonomy":"category","embeddable":true,"href":"https:\/\/ccoo.app\/inditex\/wp-json\/wp\/v2\/categories?post=4555"},{"taxonomy":"post_tag","embeddable":true,"href":"https:\/\/ccoo.app\/inditex\/wp-json\/wp\/v2\/tags?post=4555"}],"curies":[{"name":"wp","href":"https:\/\/api.w.org\/{rel}","templated":true}]}}