{"id":4551,"date":"2020-05-21T10:39:57","date_gmt":"2020-05-21T08:39:57","guid":{"rendered":"https:\/\/ccooinditex.com\/?p=4551"},"modified":"2022-03-22T16:19:40","modified_gmt":"2022-03-22T15:19:40","slug":"uso-de-equipos-de-proteccion-individual-epis-que-incluyen-las-mascarillas-quirurgicas","status":"publish","type":"post","link":"https:\/\/ccoo.app\/inditex\/uso-de-equipos-de-proteccion-individual-epis-que-incluyen-las-mascarillas-quirurgicas\/","title":{"rendered":"USO DE EQUIPOS DE PROTECCI\u00d3N INDIVIDUAL (EPI\u2019S), QUE INCLUYEN LAS MASCARILLAS QUIR\u00daRGICAS"},"content":{"rendered":"<p>&lt;!<b>INFORMACI\u00d3N\u00a0SOBRE EL USO DE EQUIPOS DE PROTECCI\u00d3N INDIVIDUAL (EPI\u2019S), QUE INCLUYEN LAS MASCARILLAS QUIR\u00daRGICAS, EN LOS CENTROS LOG\u00cdSTICOS Y F\u00c1BRICAS DEL GRUPO INDITEX<\/b><br \/>\nAnte la comunicaci\u00f3n por parte de los Responsables de Salud Laboral de Inditex, en todos los centros de trabajo, de la implantaci\u00f3n del uso obligatorio de las mascarillas quir\u00fargicas obligatorias, y no de uso voluntario, tal y como est\u00e1 establecido actualmente por la situaci\u00f3n de pandemia por la COVID-19:<br \/>\nNos hemos visto en la necesidad de sacar este comunicado, una vez que est\u00e1 provocando muchas dudas a las compa\u00f1eras y compa\u00f1eros, ya que \u00e9stas tienen como principal objetivo, proteger de un posible contagio a la persona que tenemos cerca, filtrando el aire exhalado. Pero al no estar dise\u00f1ada para filtrar el aire inhalado, no pueden considerarse EPI Individual en el entorno laboral, de acuerdo con el Real Decreto 773\/1997, dado que no buscan filtrar el aire que respiramos, sino filtrar el aire que expulsamos durante la respiraci\u00f3n, al toser o estornudar.<br \/>\nLa m\u00e1s parecida a la mascarilla quir\u00fargica, es la mascarilla autofiltrante FFPP, capaz de filtrar part\u00edculas y aerosoles (micro gotitas). Por tanto, es importante que los EPI\u2019S (mascarillas utilizadas), sean las adecuadas en cada puesto de trabajo, para evitar el riesgo frente al que nos protegemos y que tambi\u00e9n se ajusten a las caracter\u00edsticas f\u00edsicas del personal.<br \/>\nDesde la Secci\u00f3n Sindical de CCOO Industria en el Grupo Inditex, tenemos que insistir en nuestra prioridad en la Seguridad y Salud de todas las personas que trabajan en la empresa y de la obligaci\u00f3n que tiene de facilitar la necesaria protecci\u00f3n y, por tanto, queremos informar que:<\/p>\n<ul>\n<li><strong>Instamos al Grupo Inditex a gestionar y establecer unos criterios claros a la hora de implantar \u00e9sta medida, por tanto, exigimos que la empresa realice una Evaluaci\u00f3n de Riesgos (que incluya la evaluaci\u00f3n de cada puesto), donde se establecer\u00e1n las medidas preventivas colectivas, as\u00ed como las necesarias medidas preventivas individuales (EPI\u2019S). <\/strong><\/li>\n<li><strong>Instamos al Grupo Inditex a dar participaci\u00f3n a las respectivas Representaciones legal de trabajadores, y a los sindicatos electos, para poder determinar la necesidad concreta de uso e implementaci\u00f3n de los EPI\u00b4s necesarios (que incluyen las mascarillas id\u00f3neas), dado que la situaci\u00f3n de la pandemia, se puede extender en el tiempo.<\/strong><\/li>\n<\/ul>\n<p><strong> <a href=\"http:\/\/ccoo.app\/inditex\/wp-content\/blogs.dir\/6\/files\/sites\/119\/2020\/05\/comunicado-uso-obligatorio-mascarillas-quirurgicas-1.pdf\">Comunicado Uso obligatorio mascarillas quir\u00fargicas<\/a><\/strong><\/p>\n<p style=\"text-align: left\"><strong>PARA CCOO INDUSTRIA LO PRIMERO ES LA SEGURIDAD Y SALUD DE LOS TRABAJADORES Y TRABAJADORAS<\/strong><\/p>\n<p><strong>\u00a0<\/strong><br \/>\n<strong>#ESTEVIRUSLOPARAMOSUNIDOS<\/strong>&gt;    \t<\/p>\n","protected":false},"excerpt":{"rendered":"<p>&lt;!INFORMACI\u00d3N\u00a0SOBRE EL USO DE EQUIPOS DE PROTECCI\u00d3N INDIVIDUAL (EPI\u2019S), QUE INCLUYEN LAS MASCARILLAS QUIR\u00daRGICAS, EN LOS CENTROS LOG\u00cdSTICOS Y F\u00c1BRICAS DEL GRUPO INDITEX Ante la comunicaci\u00f3n por parte de los &#8230; <a title=\"USO DE EQUIPOS DE PROTECCI\u00d3N INDIVIDUAL (EPI\u2019S), QUE INCLUYEN LAS MASCARILLAS QUIR\u00daRGICAS\" class=\"read-more\" href=\"https:\/\/ccoo.app\/inditex\/uso-de-equipos-de-proteccion-individual-epis-que-incluyen-las-mascarillas-quirurgicas\/\" aria-label=\"Leer m\u00e1s sobre USO DE EQUIPOS DE PROTECCI\u00d3N INDIVIDUAL (EPI\u2019S), QUE INCLUYEN LAS MASCARILLAS QUIR\u00daRGICAS\">Leer m\u00e1s<\/a><\/p>\n","protected":false},"author":5190,"featured_media":4552,"comment_status":"closed","ping_status":"open","sticky":false,"template":"","format":"standard","meta":{"footnotes":""},"categories":[3],"tags":[],"class_list":["post-4551","post","type-post","status-publish","format-standard","has-post-thumbnail","hentry","category-noticias","generate-columns","tablet-grid-50","mobile-grid-100","grid-parent","grid-33"],"_links":{"self":[{"href":"https:\/\/ccoo.app\/inditex\/wp-json\/wp\/v2\/posts\/4551","targetHints":{"allow":["GET"]}}],"collection":[{"href":"https:\/\/ccoo.app\/inditex\/wp-json\/wp\/v2\/posts"}],"about":[{"href":"https:\/\/ccoo.app\/inditex\/wp-json\/wp\/v2\/types\/post"}],"author":[{"embeddable":true,"href":"https:\/\/ccoo.app\/inditex\/wp-json\/wp\/v2\/users\/5190"}],"replies":[{"embeddable":true,"href":"https:\/\/ccoo.app\/inditex\/wp-json\/wp\/v2\/comments?post=4551"}],"version-history":[{"count":1,"href":"https:\/\/ccoo.app\/inditex\/wp-json\/wp\/v2\/posts\/4551\/revisions"}],"predecessor-version":[{"id":7602,"href":"https:\/\/ccoo.app\/inditex\/wp-json\/wp\/v2\/posts\/4551\/revisions\/7602"}],"wp:featuredmedia":[{"embeddable":true,"href":"https:\/\/ccoo.app\/inditex\/wp-json\/wp\/v2\/media\/4552"}],"wp:attachment":[{"href":"https:\/\/ccoo.app\/inditex\/wp-json\/wp\/v2\/media?parent=4551"}],"wp:term":[{"taxonomy":"category","embeddable":true,"href":"https:\/\/ccoo.app\/inditex\/wp-json\/wp\/v2\/categories?post=4551"},{"taxonomy":"post_tag","embeddable":true,"href":"https:\/\/ccoo.app\/inditex\/wp-json\/wp\/v2\/tags?post=4551"}],"curies":[{"name":"wp","href":"https:\/\/api.w.org\/{rel}","templated":true}]}}