{"id":4534,"date":"2020-05-18T18:28:36","date_gmt":"2020-05-18T16:28:36","guid":{"rendered":"https:\/\/ccooinditex.com\/?p=4534"},"modified":"2022-03-22T16:19:42","modified_gmt":"2022-03-22T15:19:42","slug":"reunion-especial-prevencion-covid-19-18-05-2020","status":"publish","type":"post","link":"https:\/\/ccoo.app\/inditex\/reunion-especial-prevencion-covid-19-18-05-2020\/","title":{"rendered":"REUNI\u00d3N ESPECIAL PREVENCI\u00d3N COVID-19.  18 05 2020"},"content":{"rendered":"<p>&lt;!Se tratan los siguientes temas:<br \/>\n<span class=\"_5mfr\"><span class=\"_6qdm\">\u2611\ufe0f<\/span><\/span>Se han repartido neveras por el almac\u00e9n para refrigerar los snacks, aunque solo caben de momento los bocadillos se van a usar para este fin, ya que son los que m\u00e1s riesgo se consideraba que pudiera haber. Se han solicitado m\u00e1s para poder cubrir tambi\u00e9n la necesidad de las botellas de agua para todos, sobre todo porque la demanda de agua va a elevarse de la misma forma que las temperaturas ambientales de trabajo.<br \/>\n<span class=\"_5mfr\"><span class=\"_6qdm\">\u2611\ufe0f<\/span><\/span>Se cifra en 132 el n\u00famero de personal sensible. De los procesos de baja, 89 las personas que han recibido el alta y que 14 siguen de baja por los conceptos recogidos por sanidad.<br \/>\n<span class=\"_5mfr\"><span class=\"_6qdm\">\u2611\ufe0f<\/span><\/span>Se han realizado 24 test serol\u00f3gicos 1 PCR (todos estos test con resultado negativo). Estos datos son los recogidos desde que empez\u00f3 la pandemia.<br \/>\n<span class=\"_5mfr\"><span class=\"_6qdm\">\u2611\ufe0f<\/span><\/span>Se est\u00e1 valorando para el personal sensible, una vuelta escalonada, que no vuelvan todos a la vez cuando se apruebe su retorno. Todav\u00eda no se conoce fecha de su vuelta a la actividad.<br \/>\n<span class=\"_5mfr\"><span class=\"_6qdm\">\u2611\ufe0f<\/span><\/span>Se van a colocar botes de toallitas desinfectantes en las conformadoras de cajas del almac\u00e9n.<br \/>\n<span class=\"_5mfr\"><span class=\"_6qdm\">\u2611\ufe0f<\/span><\/span>Se comenta que los mandos est\u00e1n siguiendo mayoritariamente la recomendaci\u00f3n de colocarse la mascarilla durante su jornada de trabajo, lo valoramos positivamente y as\u00ed lo ha trasmitido CCOO ya que adem\u00e1s de dar un buen ejemplo, su trabajo consiste mayoritariamente en trasmitir \u00f3rdenes e informaci\u00f3n y eso puede vulnerar en ocasiones las distancias de seguridad m\u00ednimas.<br \/>\n<span class=\"_5mfr\"><span class=\"_6qdm\">\u2611\ufe0f<\/span><\/span>Seguimos sin respuesta a cuanta es la vida \u00fatil de las mascarillas ya que a\u00fan no han respondido en Coru\u00f1a a esa petici\u00f3n de informaci\u00f3n del fabricante, aunque si se nos informa que todo aquel que considere que su mascarilla est\u00e1 da\u00f1ada, sucia o higi\u00e9nicamente es necesario su cambio se le entregara otra sin problema durante su jornada de trabajo. Si se podr\u00e1 pedir una justificaci\u00f3n de su cambio si esa petici\u00f3n es muy cercana al comienzo de la jornada aunque si est\u00e1 justificado no se pondr\u00e1 ning\u00fan impedimento en su cambio, aunque se llevara una hora de trabajo por ejemplo.<br \/>\n<span class=\"_5mfr\"><span class=\"_6qdm\">?<\/span><\/span>Desde CCOO lanzamos la petici\u00f3n de un kit individual para todos los empleados y sus familias directas que consistan en las suficientes mascarillas (incluidas las de ni\u00f1os necesarias) para los d\u00edas que estimemos oportunos fijar y luego se hagan entregas peri\u00f3dicas de los mismos kits, basando dicha petici\u00f3n en las directrices que se est\u00e1n barajando desde el gobierno de la naci\u00f3n en la obligatoriedad de llevar mascarillas en todos los espacios p\u00fablicos. Se tratara con Coru\u00f1a la petici\u00f3n.<br \/>\n<span class=\"_5mfr\"><span class=\"_6qdm\">?<\/span><\/span>Desde CCOO solicitamos tambi\u00e9n que se haga un especial control de las temperaturas del almac\u00e9n durante este periodo, ya que las subidas de temperaturas unidas al uso cotidiano de las mascarillas no sea una carga extra de trabajo. Siempre la seguridad tiene que ir de la mano de la prevenci\u00f3n.<br \/>\n<span class=\"_5mfr\"><span class=\"_6qdm\">?<\/span><\/span>Como ya pregunto CCOO en las reuniones pasadas, vigilancia de la salud aun no empezara a realizar los reconocimientos m\u00e9dicos, pero si realizara las pruebas a los que retornen de bajas largas, menos las pruebas espirom\u00e9tricas, ya que aunque la c\u00e1nula que se inserta en el aparato es individual, el resto del tubo es com\u00fan y podr\u00eda ser un riesgo realizarlas.<br \/>\n<span class=\"_5mfr\"><span class=\"_6qdm\">?<\/span><\/span>A\u00fan no ha decidido nada el departamento de Coru\u00f1a a la petici\u00f3n de incluir los test serol\u00f3gicos en los reconocimientos m\u00e9dicos voluntarios de vigilancia de la salud. Desde CCOO insistimos en la propuesta que realizamos.<br \/>\n<span class=\"_5mfr\"><span class=\"_6qdm\">?<\/span><\/span>Se siguen pensando en las normas que deberemos seguir en las \u00e1reas de descanso y se ha tratado el tema de llevar la mascarilla al llegar y recoger una nueva que tendr\u00edas que llevar puesta al levantarte de tu sitio. A\u00fan est\u00e1 en fase de propuestas.<br \/>\n<span class=\"_5mfr\"><span class=\"_6qdm\">\u26a0\ufe0f<\/span><\/span>Se trata el tema de publicar una noticia por parte de una secci\u00f3n sindical sobre un negativo de PCR cuando todav\u00eda no se ten\u00eda resultado, ni se hab\u00eda informado a la persona de dicho negativo. Se produjo por un error de esa secci\u00f3n sindical, ya que los negativos hab\u00edan sido por los test serol\u00f3gicos y no de PCR como ya informamos nosotros en nuestro Facebook. Llamamos a la prudencia de los que publican cosas sin confirmar, aunque sean por error, ya que puede tratarse de datos sensibles confidenciales o no confirmados que pueden producir da\u00f1os en las personas afectadas.&gt;    \t<\/p>\n","protected":false},"excerpt":{"rendered":"<p>&lt;!Se tratan los siguientes temas: \u2611\ufe0fSe han repartido neveras por el almac\u00e9n para refrigerar los snacks, aunque solo caben de momento los bocadillos se van a usar para este fin, &#8230; <a title=\"REUNI\u00d3N ESPECIAL PREVENCI\u00d3N COVID-19.  18 05 2020\" class=\"read-more\" href=\"https:\/\/ccoo.app\/inditex\/reunion-especial-prevencion-covid-19-18-05-2020\/\" aria-label=\"Leer m\u00e1s sobre REUNI\u00d3N ESPECIAL PREVENCI\u00d3N COVID-19.  18 05 2020\">Leer m\u00e1s<\/a><\/p>\n","protected":false},"author":5190,"featured_media":0,"comment_status":"closed","ping_status":"open","sticky":false,"template":"","format":"standard","meta":{"footnotes":""},"categories":[136,14],"tags":[],"class_list":["post-4534","post","type-post","status-publish","format-standard","hentry","category-noticias-plataforma-europa","category-plataforma-europa","generate-columns","tablet-grid-50","mobile-grid-100","grid-parent","grid-33"],"_links":{"self":[{"href":"https:\/\/ccoo.app\/inditex\/wp-json\/wp\/v2\/posts\/4534","targetHints":{"allow":["GET"]}}],"collection":[{"href":"https:\/\/ccoo.app\/inditex\/wp-json\/wp\/v2\/posts"}],"about":[{"href":"https:\/\/ccoo.app\/inditex\/wp-json\/wp\/v2\/types\/post"}],"author":[{"embeddable":true,"href":"https:\/\/ccoo.app\/inditex\/wp-json\/wp\/v2\/users\/5190"}],"replies":[{"embeddable":true,"href":"https:\/\/ccoo.app\/inditex\/wp-json\/wp\/v2\/comments?post=4534"}],"version-history":[{"count":1,"href":"https:\/\/ccoo.app\/inditex\/wp-json\/wp\/v2\/posts\/4534\/revisions"}],"predecessor-version":[{"id":7607,"href":"https:\/\/ccoo.app\/inditex\/wp-json\/wp\/v2\/posts\/4534\/revisions\/7607"}],"wp:attachment":[{"href":"https:\/\/ccoo.app\/inditex\/wp-json\/wp\/v2\/media?parent=4534"}],"wp:term":[{"taxonomy":"category","embeddable":true,"href":"https:\/\/ccoo.app\/inditex\/wp-json\/wp\/v2\/categories?post=4534"},{"taxonomy":"post_tag","embeddable":true,"href":"https:\/\/ccoo.app\/inditex\/wp-json\/wp\/v2\/tags?post=4534"}],"curies":[{"name":"wp","href":"https:\/\/api.w.org\/{rel}","templated":true}]}}