{"id":4520,"date":"2020-05-15T20:00:57","date_gmt":"2020-05-15T18:00:57","guid":{"rendered":"https:\/\/ccooinditex.com\/?p=4520"},"modified":"2022-03-22T16:19:43","modified_gmt":"2022-03-22T15:19:43","slug":"horarios-semana-del-18-de-mayo","status":"publish","type":"post","link":"https:\/\/ccoo.app\/inditex\/horarios-semana-del-18-de-mayo\/","title":{"rendered":"HORARIOS SEMANA DEL 18 DE MAYO"},"content":{"rendered":"<p>&lt;!A partir del lunes 18 de mayo, las jornadas de trabajo continuaran a 6 horas y se realizar\u00e1n de acuerdo a la siguiente tabla. Sigue los horarios correspondientes a tu turno de trabajo.<br \/>\n\u26a0\ufe0fPersonal con reducci\u00f3n de jornada.<br \/>\n\u2611\ufe0fEl personal con concreci\u00f3n horaria que no pueda adscribirse a los turnos establecidos, se le respetar\u00e1n sus horarios habituales. Deber\u00e1 comunicarlo previamente en RRHH para que podamos garantizar las medidas de seguridad establecidas.<br \/>\n?SIGUE TU CALENDARIO RESPETANDO TUS D\u00cdAS PLANIFICADOS EN ESTOS HORARIOS<br \/>\n<img loading=\"lazy\" decoding=\"async\" class=\"alignnone wp-image-4521\" src=\"http:\/\/ccoo.app\/inditex\/wp-content\/blogs.dir\/6\/files\/sites\/119\/2020\/05\/96371400_2720723781383272_1679162737621467136_o-300x79.jpg\" alt=\"\" width=\"387\" height=\"102\" srcset=\"https:\/\/ccoo.app\/inditex\/wp-content\/blogs.dir\/6\/files\/sites\/119\/2020\/05\/96371400_2720723781383272_1679162737621467136_o-300x79.jpg 300w, https:\/\/ccoo.app\/inditex\/wp-content\/blogs.dir\/6\/files\/sites\/119\/2020\/05\/96371400_2720723781383272_1679162737621467136_o-768x202.jpg 768w, https:\/\/ccoo.app\/inditex\/wp-content\/blogs.dir\/6\/files\/sites\/119\/2020\/05\/96371400_2720723781383272_1679162737621467136_o.jpg 960w\" sizes=\"auto, (max-width: 387px) 100vw, 387px\" \/>&gt;    \t<\/p>\n","protected":false},"excerpt":{"rendered":"<p>&lt;!A partir del lunes 18 de mayo, las jornadas de trabajo continuaran a 6 horas y se realizar\u00e1n de acuerdo a la siguiente tabla. Sigue los horarios correspondientes a tu &#8230; <a title=\"HORARIOS SEMANA DEL 18 DE MAYO\" class=\"read-more\" href=\"https:\/\/ccoo.app\/inditex\/horarios-semana-del-18-de-mayo\/\" aria-label=\"Leer m\u00e1s sobre HORARIOS SEMANA DEL 18 DE MAYO\">Leer m\u00e1s<\/a><\/p>\n","protected":false},"author":5190,"featured_media":4521,"comment_status":"closed","ping_status":"open","sticky":false,"template":"","format":"standard","meta":{"footnotes":""},"categories":[136,14],"tags":[],"class_list":["post-4520","post","type-post","status-publish","format-standard","has-post-thumbnail","hentry","category-noticias-plataforma-europa","category-plataforma-europa","generate-columns","tablet-grid-50","mobile-grid-100","grid-parent","grid-33"],"_links":{"self":[{"href":"https:\/\/ccoo.app\/inditex\/wp-json\/wp\/v2\/posts\/4520","targetHints":{"allow":["GET"]}}],"collection":[{"href":"https:\/\/ccoo.app\/inditex\/wp-json\/wp\/v2\/posts"}],"about":[{"href":"https:\/\/ccoo.app\/inditex\/wp-json\/wp\/v2\/types\/post"}],"author":[{"embeddable":true,"href":"https:\/\/ccoo.app\/inditex\/wp-json\/wp\/v2\/users\/5190"}],"replies":[{"embeddable":true,"href":"https:\/\/ccoo.app\/inditex\/wp-json\/wp\/v2\/comments?post=4520"}],"version-history":[{"count":1,"href":"https:\/\/ccoo.app\/inditex\/wp-json\/wp\/v2\/posts\/4520\/revisions"}],"predecessor-version":[{"id":7608,"href":"https:\/\/ccoo.app\/inditex\/wp-json\/wp\/v2\/posts\/4520\/revisions\/7608"}],"wp:featuredmedia":[{"embeddable":true,"href":"https:\/\/ccoo.app\/inditex\/wp-json\/wp\/v2\/media\/4521"}],"wp:attachment":[{"href":"https:\/\/ccoo.app\/inditex\/wp-json\/wp\/v2\/media?parent=4520"}],"wp:term":[{"taxonomy":"category","embeddable":true,"href":"https:\/\/ccoo.app\/inditex\/wp-json\/wp\/v2\/categories?post=4520"},{"taxonomy":"post_tag","embeddable":true,"href":"https:\/\/ccoo.app\/inditex\/wp-json\/wp\/v2\/tags?post=4520"}],"curies":[{"name":"wp","href":"https:\/\/api.w.org\/{rel}","templated":true}]}}