{"id":35906,"date":"2026-03-13T08:53:14","date_gmt":"2026-03-13T07:53:14","guid":{"rendered":"https:\/\/ccoo.app\/ics\/?p=35906"},"modified":"2026-03-14T08:55:19","modified_gmt":"2026-03-14T07:55:19","slug":"sobre-nou-termini-per-sollicitar-lacces-extraordinari-al-titol-despecialista-en-medicina-durgencies-i-emergencies","status":"publish","type":"post","link":"https:\/\/ccoo.app\/ics\/noticies\/sobre-nou-termini-per-sollicitar-lacces-extraordinari-al-titol-despecialista-en-medicina-durgencies-i-emergencies\/","title":{"rendered":"Sobre nou termini per sol\u00b7licitar l\u2019acc\u00e9s extraordinari al t\u00edtol d\u2019especialista en Medicina d\u2019Urg\u00e8ncies i Emerg\u00e8ncies"},"content":{"rendered":"\n<p><strong>QUI POT SOL\u00b7LICITAR L\u2019ACC\u00c9S?<\/strong><\/p>\n\n\n\n<p><br>Els metges i metgesses i les persones habilitades per a l\u2019exercici de la medicina general que compleixen els requisits establerts en la disposici\u00f3 transit\u00f2ria primera del&nbsp;<a href=\"https:\/\/www.boe.es\/eli\/es\/rd\/2024\/07\/02\/610\/con\">Real Decret 610\/2024, de 2 juliol<\/a>.<\/p>\n\n\n\n<p><br><strong>NOVETAT<\/strong>: Per les sent\u00e8ncies 552\/2025 i 1370\/2025, dictades per la Sala del Contenci\u00f3s Administratiu del Tribunal Suprem, s\u2019ha ampliat l\u2019abast del proc\u00e9s d\u2019acc\u00e9s extraordinari i s\u2019ha reobert aquest, per&nbsp;<strong>incloure<\/strong>:<\/p>\n\n\n\n<p>\u2013 Els metges i metgesses generalistes, sense especialitat via MIR, titulats posteriors a l\u20191 de gener de 1995 (generalistes \u201cpost 1995\u201d).-<br>\u2013 Els metges i metgesses generalistes estrangers\/es sense homologaci\u00f3 de l\u2019especialitat a Espa\u00f1a.<\/p>\n\n\n\n<p><br><strong>PASSOS PREVIS OBLIGATORIS A LA SOL\u00b7LICITUD D\u2019ACC\u00c9S<\/strong><\/p>\n\n\n\n<p><br>Demana el certificat d\u2019acreditaci\u00f3 de l\u2019exercici professional al Departament de Salut. Tens fins al 28 d\u2019abril de 2026. Pots fer-ho a trav\u00e9s&nbsp;<a href=\"https:\/\/canalempresa.gencat.cat\/ca\/integraciodepartamentaltramit\/tramit\/PerTemes\/Certificat-per-a-lacces-extraordinari-al-titol-despecialista-en-Medicina-dUrgencies-i-Emergencies\">d\u2019aquest enlla\u00e7<\/a>.<\/p>\n\n\n\n<p><br>Requisits per fer el tr\u00e0mit:<br>\u2013 Identificaci\u00f3 digital v\u00e0lida (IdCat M\u00f2bil, Cl@ve, DNI electr\u00f2nic, idCAT Certificat\u2026)<br>\u2013 Documentaci\u00f3 necess\u00e0ria:<br>\u27a2 T\u00edtol espanyol de grau o llicenciatura en medicina o l\u2019habilitaci\u00f3 per l\u2019exercici de la Medicina General. Aquest l\u2019\u00faltim document es pot sol\u00b7licitar&nbsp;<a href=\"https:\/\/www.sanidad.gob.es\/areas\/profesionesSanitarias\/profesiones\/medicoPre95\/home.htm\">aqu\u00ed<\/a>.<br>\u27a2 Certificats de serveis prestats per l\u2019acreditaci\u00f3 d\u2019exercici professional per a cada un dels centres sanitaris autoritzats. Pots descarregar el formulari corresponent des de l\u2019<a href=\"https:\/\/canalempresa.gencat.cat\/ca\/integraciodepartamentaltramit\/tramit\/PerTemes\/Certificat-per-a-lacces-extraordinari-al-titol-despecialista-en-Medicina-dUrgencies-i-Emergencies\">enlla\u00e7 de tr\u00e0mit<\/a>. Emplena\u2019l amb Adobe Acrobat Reader i demana a la persona titular de la ger\u00e8ncia o representant legal del centre sanitari que el signi electr\u00f2nicament.<\/p>\n\n\n\n<p><br><strong>Verifica que les teves dades estan disponibles en la consulta p\u00fablica de professionals: Registro Estatal de Profesionales Sanitarios (REPS)<\/strong>, en&nbsp;<a href=\"https:\/\/reps.sanidad.gob.es\/reps-web\/inicio.htm\">aquest enlla\u00e7<\/a>:<\/p>\n\n\n\n<ul class=\"wp-block-list\">\n<li>Si les teves dades hi s\u00f3n presents, no cal fer res m\u00e9s.<\/li>\n\n\n\n<li>Si no hi s\u00f3n, tens dues opcions:<br>\u27a2 Demana al responsable del teu centre de treball que comuniqui les teves dades al REPS (aix\u00f2 \u00e9s una obligaci\u00f3 de l\u2019empresa).<br>\u27a2 Sol\u00b7licita l\u2019alta volunt\u00e0ria els passos indicats a\u00a0<a href=\"https:\/\/www.sanidad.gob.es\/areas\/profesionesSanitarias\/registroEstatal\/profesionalesREPS.htm\">aquest enlla\u00e7<\/a>\u00a0(requereix signatura electr\u00f2nica).<\/li>\n<\/ul>\n\n\n\n<p><strong>NOTA<\/strong>: Tens fins a l\u2019\u00faltim dia (inclusivament) del termini de presentaci\u00f3 de sol\u00b7licitud d\u2019acc\u00e9s extraordinari al t\u00edtol d\u2019especialista. Malgrat que la sol\u00b7licitud d\u2019alta volunt\u00e0ria no et far\u00e0 visible autom\u00e0ticament al REPS, per\u00f2 complir\u00e0s amb el requisit necessari per poder tramitar l\u2019acc\u00e9s extraordinari al t\u00edtol d\u2019especialista. Posteriorment, haur\u00e0s de contactar amb el teu centre de treball perqu\u00e8 introdueixin les teves dades al REPS.<\/p>\n\n\n\n<p><br><strong>SOL\u00b7LICITA L\u2019ACC\u00c9S<\/strong><\/p>\n\n\n\n<p><br>El Miniterio de Sanidad informar\u00e0 pr\u00f2ximament del nou termini d\u2019obertura mitjan\u00e7ant una resoluci\u00f3 del Director General d\u2019Ordenaci\u00f3 Professional, que especificar\u00e0 el per\u00edode per a presentar la documentaci\u00f3 exigida en el tramitador electr\u00f2nic. Per a m\u00e9s informaci\u00f3 et deixem l\u2019<a href=\"https:\/\/www.sanidad.gob.es\/areas\/profesionesSanitarias\/profesiones\/tituloEspecialista\/home.htm\">enlla\u00e7 del Ministerio de Sanidad<\/a>.<\/p>\n\n\n\n<p><br><strong>Segons el canal GENCAT, es preveu que el termini estigui obert de l\u20191 al 30 d\u2019abril de 2026.<\/strong><\/p>\n\n\n\n<p><br>Obert el termini cal presentar el certificat em\u00e8s per al Departament de Salut de Catalunya que acredita l\u2019exercici professional per l\u2019acc\u00e9s extraordinari al t\u00edtol d\u2019especialista, utilitzant la seu electr\u00f2nica del Ministerio de Sanidad. \u00c9s imprescindible disposar d\u2019un certificat electr\u00f2nic associat al DNI per la FNMT.<\/p>\n\n\n\n<p><br>Per a m\u00e9s informaci\u00f3, contacta amb la Federaci\u00f3 de Sanitat de CCOO de Catalunya a&nbsp;<a href=\"mailto:fsanitat1@ccoo.cat\">fsanitat1@ccoo.cat<\/a>&nbsp;o amb el teu delegat\/da sindical de CCOO.<\/p>\n\n\n\n<div data-wp-interactive=\"core\/file\" class=\"wp-block-file\"><object data-wp-bind--hidden=\"!state.hasPdfPreview\" hidden class=\"wp-block-file__embed\" data=\"https:\/\/ccoo.app\/ics\/wp-content\/blogs.dir\/6\/files\/sites\/200\/2026\/03\/CCOO-Informa_NOU-TERMINI-solilicitud-accis-extraordinari-titol-especialista-Medicina-Urgincies-i-Emergincies.docx-1.pdf\" type=\"application\/pdf\" style=\"width:100%;height:600px\" aria-label=\"Incrustaci\u00f3 del fitxer CCOO Informa_NOU TERMINI sol\u0131licitud acc\u0131s extraordinari t\u0131tol especialista Medicina Urg\u0131ncies i Emerg\u0131ncies.docx (1).\"><\/object><a id=\"wp-block-file--media-f736ec7a-114d-4984-a5cf-32891e2188b3\" href=\"https:\/\/ccoo.app\/ics\/wp-content\/blogs.dir\/6\/files\/sites\/200\/2026\/03\/CCOO-Informa_NOU-TERMINI-solilicitud-accis-extraordinari-titol-especialista-Medicina-Urgincies-i-Emergincies.docx-1.pdf\">CCOO Informa_NOU TERMINI sol\u0131licitud acc\u0131s extraordinari t\u0131tol especialista Medicina Urg\u0131ncies i Emerg\u0131ncies.docx (1)<\/a><a href=\"https:\/\/ccoo.app\/ics\/wp-content\/blogs.dir\/6\/files\/sites\/200\/2026\/03\/CCOO-Informa_NOU-TERMINI-solilicitud-accis-extraordinari-titol-especialista-Medicina-Urgincies-i-Emergincies.docx-1.pdf\" class=\"wp-block-file__button wp-element-button\" download aria-describedby=\"wp-block-file--media-f736ec7a-114d-4984-a5cf-32891e2188b3\">Baixa<\/a><\/div>\n","protected":false},"excerpt":{"rendered":"<p>QUI POT SOL\u00b7LICITAR L\u2019ACC\u00c9S? Els metges i metgesses i les persones habilitades per a l\u2019exercici de la medicina general que compleixen els requisits establerts en la disposici\u00f3 transit\u00f2ria primera del&nbsp;Real &#8230; <a title=\"Sobre nou termini per sol\u00b7licitar l\u2019acc\u00e9s extraordinari al t\u00edtol d\u2019especialista en Medicina d\u2019Urg\u00e8ncies i Emerg\u00e8ncies\" class=\"read-more\" href=\"https:\/\/ccoo.app\/ics\/noticies\/sobre-nou-termini-per-sollicitar-lacces-extraordinari-al-titol-despecialista-en-medicina-durgencies-i-emergencies\/\" aria-label=\"M\u00e9s informaci\u00f3 sobre Sobre nou termini per sol\u00b7licitar l\u2019acc\u00e9s extraordinari al t\u00edtol d\u2019especialista en Medicina d\u2019Urg\u00e8ncies i Emerg\u00e8ncies\">Read more<\/a><\/p>\n","protected":false},"author":4386,"featured_media":35908,"comment_status":"closed","ping_status":"closed","sticky":false,"template":"","format":"standard","meta":{"footnotes":""},"categories":[12,6,1],"tags":[],"area":[],"class_list":["post-35906","post","type-post","status-publish","format-standard","has-post-thumbnail","hentry","category-actualitat","category-convocatories","category-noticies","generate-columns","tablet-grid-50","mobile-grid-100","grid-parent","grid-50"],"_links":{"self":[{"href":"https:\/\/ccoo.app\/ics\/wp-json\/wp\/v2\/posts\/35906","targetHints":{"allow":["GET"]}}],"collection":[{"href":"https:\/\/ccoo.app\/ics\/wp-json\/wp\/v2\/posts"}],"about":[{"href":"https:\/\/ccoo.app\/ics\/wp-json\/wp\/v2\/types\/post"}],"author":[{"embeddable":true,"href":"https:\/\/ccoo.app\/ics\/wp-json\/wp\/v2\/users\/4386"}],"replies":[{"embeddable":true,"href":"https:\/\/ccoo.app\/ics\/wp-json\/wp\/v2\/comments?post=35906"}],"version-history":[{"count":1,"href":"https:\/\/ccoo.app\/ics\/wp-json\/wp\/v2\/posts\/35906\/revisions"}],"predecessor-version":[{"id":35909,"href":"https:\/\/ccoo.app\/ics\/wp-json\/wp\/v2\/posts\/35906\/revisions\/35909"}],"wp:featuredmedia":[{"embeddable":true,"href":"https:\/\/ccoo.app\/ics\/wp-json\/wp\/v2\/media\/35908"}],"wp:attachment":[{"href":"https:\/\/ccoo.app\/ics\/wp-json\/wp\/v2\/media?parent=35906"}],"wp:term":[{"taxonomy":"category","embeddable":true,"href":"https:\/\/ccoo.app\/ics\/wp-json\/wp\/v2\/categories?post=35906"},{"taxonomy":"post_tag","embeddable":true,"href":"https:\/\/ccoo.app\/ics\/wp-json\/wp\/v2\/tags?post=35906"},{"taxonomy":"area","embeddable":true,"href":"https:\/\/ccoo.app\/ics\/wp-json\/wp\/v2\/area?post=35906"}],"curies":[{"name":"wp","href":"https:\/\/api.w.org\/{rel}","templated":true}]}}