{"id":35899,"date":"2026-02-19T08:47:42","date_gmt":"2026-02-19T07:47:42","guid":{"rendered":"https:\/\/ccoo.app\/ics\/?p=35899"},"modified":"2026-03-14T08:49:05","modified_gmt":"2026-03-14T07:49:05","slug":"ccoo-exigeix-al-ministeri-dhisenda-que-compleixi-lacord-del-segle-xxi-i-reconegui-la-qualificacio-professional-de-les-i-els-tecnics-sanitaris","status":"publish","type":"post","link":"https:\/\/ccoo.app\/ics\/noticies\/ccoo-exigeix-al-ministeri-dhisenda-que-compleixi-lacord-del-segle-xxi-i-reconegui-la-qualificacio-professional-de-les-i-els-tecnics-sanitaris\/","title":{"rendered":"CCOO exigeix al Ministeri d\u2019Hisenda que compleixi l\u2019Acord del segle XXI i reconegui la qualificaci\u00f3 professional de les i els t\u00e8cnics sanitaris"},"content":{"rendered":"\n<h3 class=\"wp-block-heading\">La Federaci\u00f3 de Sanitat i Sectors Sociosanitaris de CCOO de Madrid convoca una concentraci\u00f3 aquest 19 de febrer enfront del Ministeri d\u2019Hisenda per a reclamar el desbloqueig immediat del reconeixement professional i el pagament dels pactes<\/h3>\n\n\n\n<p>La Federaci\u00f3 de Sanitat i Sectors Sociosanitaris de CCOO de Madrid (FSS-CCOO Madrid) ha convocat una concentraci\u00f3 enfront del Ministeri d\u2019Hisenda, per a exigir el compliment \u00edntegre del denominat Acord marc per a una Administraci\u00f3 del segle XXI, signat l\u2019octubre de 2022 entre el Govern d\u2019Espanya i les organitzacions sindicals.<\/p>\n\n\n\n<p>Aquest acord contempla el reconeixement de la formaci\u00f3, les responsabilitats i l\u2019adequada classificaci\u00f3 professional de les i els T\u00e8cnics Medis sanitaris i T\u00e8cnics Superiors Sanitaris, mitjan\u00e7ant l\u2019adequaci\u00f3 del seu nivell de qualificaci\u00f3 professional als grups C1 i B, respectivament. No obstant aix\u00f2, m\u00e9s de dos anys despr\u00e9s de la seva signatura, aquest comprom\u00eds continua sense materialitzar-se.<\/p>\n\n\n\n<p>Amb aquesta mobilitzaci\u00f3, CCOO dona veu a milers de professionals essencials per al sistema sanitari p\u00fablic el reconeixement del qual continua bloquejat. Les t\u00e8cniques i t\u00e8cnics sanitaris s\u00f3n personals altament qualificat i especialitzat, responsable de proves diagn\u00f2stiques, an\u00e0lisis cl\u00edniques, cures t\u00e8cniques i processos imprescindibles per a garantir diagn\u00f2stics precisos, tractaments efica\u00e7os i el correcte funcionament de la sanitat p\u00fablica.<\/p>\n\n\n\n<p>Des de la FSS-CCOO Madrid se subratlla que aquesta reivindicaci\u00f3 no respon a la sol\u00b7licitud de privilegis, sin\u00f3 a una exig\u00e8ncia de just\u00edcia, coher\u00e8ncia i respecte al ja negociat i signat. L\u2019acord establia de manera expressa l\u2019adequaci\u00f3 del nivell de qualificaci\u00f3 professional despr\u00e9s de la implantaci\u00f3 del Marc Espanyol de Qualificacions per a l\u2019Educaci\u00f3 Superior (BRESSOLES) i l\u2019aplicaci\u00f3 plena de la classificaci\u00f3 professional prevista en l\u2019article 76 del TREBEP.<\/p>\n\n\n\n<p>En aquest context, Humberto Mu\u00f1oz, secretari general de la Federaci\u00f3 de Sanitat i Sectors Sociosanitaris de CCOO ha rem\u00e8s una carta a la ministra d\u2019Hisenda en la qual reclama formalment el compliment immediat de l\u2019acord. En ella, CCOO recorda que la reclassificaci\u00f3 professional compta amb el suport dels Ministeris de Sanitat i de Funci\u00f3 P\u00fablica, i que \u00fanicament falta l\u2019autoritzaci\u00f3 del Ministeri d\u2019Hisenda per a la transfer\u00e8ncia econ\u00f2mica necess\u00e0ria que permeti la seva implantaci\u00f3 efectiva.<\/p>\n\n\n\n<p>L\u2019organitzaci\u00f3 sindical den\u00fancia que aquesta situaci\u00f3 mant\u00e9 a milers de professionals en una clara discriminaci\u00f3, impedint el seu just reconeixement professional, l\u2019homologaci\u00f3 de les seves titulacions, la mobilitat en l\u2019espai europeu i el ple reconeixement acad\u00e8mic i laboral, vulnerant els principis d\u2019igualtat, equitat i converg\u00e8ncia europea.<\/p>\n\n\n\n<p>CCOO considera que no caben m\u00e9s dilacions i exigeix al Ministeri d\u2019Hisenda que desbloquegi de manera immediata el pagament pendent i l\u2019adequaci\u00f3 del nivell de qualificaci\u00f3 professional.<\/p>\n\n\n\n<p>Sota el lema \u201cPuja el meu nivell, compleix els pactes\u201d, les t\u00e8cniques i t\u00e8cnics sanitaris surten al carrer per a reclamar el reconeixement i el respecte que fa anys que esperen.<\/p>\n","protected":false},"excerpt":{"rendered":"<p>La Federaci\u00f3 de Sanitat i Sectors Sociosanitaris de CCOO de Madrid convoca una concentraci\u00f3 aquest 19 de febrer enfront del Ministeri d\u2019Hisenda per a reclamar el desbloqueig immediat del reconeixement &#8230; <a title=\"CCOO exigeix al Ministeri d\u2019Hisenda que compleixi l\u2019Acord del segle XXI i reconegui la qualificaci\u00f3 professional de les i els t\u00e8cnics sanitaris\" class=\"read-more\" href=\"https:\/\/ccoo.app\/ics\/noticies\/ccoo-exigeix-al-ministeri-dhisenda-que-compleixi-lacord-del-segle-xxi-i-reconegui-la-qualificacio-professional-de-les-i-els-tecnics-sanitaris\/\" aria-label=\"M\u00e9s informaci\u00f3 sobre CCOO exigeix al Ministeri d\u2019Hisenda que compleixi l\u2019Acord del segle XXI i reconegui la qualificaci\u00f3 professional de les i els t\u00e8cnics sanitaris\">Read more<\/a><\/p>\n","protected":false},"author":4386,"featured_media":35900,"comment_status":"closed","ping_status":"closed","sticky":false,"template":"","format":"standard","meta":{"footnotes":""},"categories":[13,12,1],"tags":[],"area":[],"class_list":["post-35899","post","type-post","status-publish","format-standard","has-post-thumbnail","hentry","category-accions-sindicals","category-actualitat","category-noticies","generate-columns","tablet-grid-50","mobile-grid-100","grid-parent","grid-50"],"_links":{"self":[{"href":"https:\/\/ccoo.app\/ics\/wp-json\/wp\/v2\/posts\/35899","targetHints":{"allow":["GET"]}}],"collection":[{"href":"https:\/\/ccoo.app\/ics\/wp-json\/wp\/v2\/posts"}],"about":[{"href":"https:\/\/ccoo.app\/ics\/wp-json\/wp\/v2\/types\/post"}],"author":[{"embeddable":true,"href":"https:\/\/ccoo.app\/ics\/wp-json\/wp\/v2\/users\/4386"}],"replies":[{"embeddable":true,"href":"https:\/\/ccoo.app\/ics\/wp-json\/wp\/v2\/comments?post=35899"}],"version-history":[{"count":1,"href":"https:\/\/ccoo.app\/ics\/wp-json\/wp\/v2\/posts\/35899\/revisions"}],"predecessor-version":[{"id":35901,"href":"https:\/\/ccoo.app\/ics\/wp-json\/wp\/v2\/posts\/35899\/revisions\/35901"}],"wp:featuredmedia":[{"embeddable":true,"href":"https:\/\/ccoo.app\/ics\/wp-json\/wp\/v2\/media\/35900"}],"wp:attachment":[{"href":"https:\/\/ccoo.app\/ics\/wp-json\/wp\/v2\/media?parent=35899"}],"wp:term":[{"taxonomy":"category","embeddable":true,"href":"https:\/\/ccoo.app\/ics\/wp-json\/wp\/v2\/categories?post=35899"},{"taxonomy":"post_tag","embeddable":true,"href":"https:\/\/ccoo.app\/ics\/wp-json\/wp\/v2\/tags?post=35899"},{"taxonomy":"area","embeddable":true,"href":"https:\/\/ccoo.app\/ics\/wp-json\/wp\/v2\/area?post=35899"}],"curies":[{"name":"wp","href":"https:\/\/api.w.org\/{rel}","templated":true}]}}