{"id":35896,"date":"2026-02-16T08:45:03","date_gmt":"2026-02-16T07:45:03","guid":{"rendered":"https:\/\/ccoo.app\/ics\/?p=35896"},"modified":"2026-03-14T08:46:49","modified_gmt":"2026-03-14T07:46:49","slug":"ccoo-exigim-la-retirada-immediata-de-la-mesura-que-condiciona-el-financament-dels-cap-a-la-reduccio-de-baixes-laborals","status":"publish","type":"post","link":"https:\/\/ccoo.app\/ics\/noticies\/ccoo-exigim-la-retirada-immediata-de-la-mesura-que-condiciona-el-financament-dels-cap-a-la-reduccio-de-baixes-laborals\/","title":{"rendered":"CCOO exigim la retirada immediata de la mesura que condiciona el finan\u00e7ament dels CAP a la reducci\u00f3 de baixes laborals"},"content":{"rendered":"\n<p>El Departament de Salut de la Generalitat de Catalunya pret\u00e9n condicionar part del finan\u00e7ament dels centres d\u2019atenci\u00f3 prim\u00e0ria a la reducci\u00f3 de les baixes laborals.&nbsp;CCOO de Catalunya exigim que aquesta mesura es retiri immediatament, perqu\u00e8 coacciona el criteri m\u00e8dic i assenyala els treballadors i treballadores, quan el que realment tenim \u00e9s un problema de recursos i de llistes d\u2019espera. Si el que es vol \u00e9s que les proves i diagn\u00f2stics siguin m\u00e9s r\u00e0pides, nom\u00e9s cal que es posin m\u00e9s recursos de personal i t\u00e8cnics; \u00e9s a dir, m\u00e9s finan\u00e7ament i no menys finan\u00e7ament.&nbsp;<\/p>\n\n\n\n<p>El Departament de Salut, amb aquesta mesura, est\u00e0 assumint el relat que fa la patronal sobre l\u2019absentisme. \u00c9s un debat interessat que vol desviar el focus cap a les baixes, quan el problema real \u00e9s que les empreses no estan fent la prevenci\u00f3 de riscos laborals que pertocaria.&nbsp;<\/p>\n\n\n\n<p>Tampoc acceptem que s\u2019assenyali els treballadors i treballadores de Catalunya, perqu\u00e8 som la segona comunitat aut\u00f2noma en durades m\u00e9s curtes de les baixes. Aix\u00f2 vol dir que els treballadors i treballadores estan el temps m\u00ednim necessari de baixa. El 52 % de les baixes no duren m\u00e9s de tres dies. Cal posar fi a la campanya medi\u00e0tica que han engegat les patronals i que ha comprat el Departament de Salut. El 90 % de les empreses a Catalunya no tenen una avaluaci\u00f3 de riscos psicosocials feta, i aix\u00f2 \u00e9s el que ens hauria de preocupar.&nbsp;<\/p>\n\n\n\n<p>El que caldria tamb\u00e9 \u00e9s vigilar qu\u00e8 estan fent les m\u00fatues, perqu\u00e8 en lloc de tramitar baixes laborals i fer atenci\u00f3 a les persones, sovint envien els treballadors i treballadores a l\u2019atenci\u00f3 prim\u00e0ria i col\u00b7lapsen el sistema.<\/p>\n\n\n\n<p>Aquest mat\u00ed, el president Salvador Illa ha dit que no s\u2019ha de \u201cmercantilitzar la salut\u201d. Per aix\u00f2 exigim que, en coher\u00e8ncia, es retirin criteris mercantilitzadors del model de gesti\u00f3 com \u00e9s aquesta idea de premiar els CAP amb menys baixes.&nbsp;<br><br><a href=\"https:\/\/www.ccoo.cat\/wp-content\/uploads\/2026\/02\/tall-de-veu-e--rodriguez-sobre-baixes-als-caps.mp3?link_id=1&amp;can_id=0cb10451349b1494d1b564abaab14dbe&amp;source=email-np-21&amp;email_referrer=email_3100572&amp;email_subject=np-valoraci_-mesura-departament-de-salut&amp;&amp;\">Tall de veu de valoraci\u00f3 de la mesura a c\u00e0rrec del secretari d\u2019Acci\u00f3 Sindical, Enrique Rodr\u00edguez Ruiz.<\/a><\/p>\n\n\n\n<p><\/p>\n","protected":false},"excerpt":{"rendered":"<p>El Departament de Salut de la Generalitat de Catalunya pret\u00e9n condicionar part del finan\u00e7ament dels centres d\u2019atenci\u00f3 prim\u00e0ria a la reducci\u00f3 de les baixes laborals.&nbsp;CCOO de Catalunya exigim que aquesta &#8230; <a title=\"CCOO exigim la retirada immediata de la mesura que condiciona el finan\u00e7ament dels CAP a la reducci\u00f3 de baixes laborals\" class=\"read-more\" href=\"https:\/\/ccoo.app\/ics\/noticies\/ccoo-exigim-la-retirada-immediata-de-la-mesura-que-condiciona-el-financament-dels-cap-a-la-reduccio-de-baixes-laborals\/\" aria-label=\"M\u00e9s informaci\u00f3 sobre CCOO exigim la retirada immediata de la mesura que condiciona el finan\u00e7ament dels CAP a la reducci\u00f3 de baixes laborals\">Read more<\/a><\/p>\n","protected":false},"author":4386,"featured_media":35897,"comment_status":"closed","ping_status":"closed","sticky":false,"template":"","format":"standard","meta":{"footnotes":""},"categories":[12,10,1],"tags":[],"area":[],"class_list":["post-35896","post","type-post","status-publish","format-standard","has-post-thumbnail","hentry","category-actualitat","category-comunicats","category-noticies","generate-columns","tablet-grid-50","mobile-grid-100","grid-parent","grid-50"],"_links":{"self":[{"href":"https:\/\/ccoo.app\/ics\/wp-json\/wp\/v2\/posts\/35896","targetHints":{"allow":["GET"]}}],"collection":[{"href":"https:\/\/ccoo.app\/ics\/wp-json\/wp\/v2\/posts"}],"about":[{"href":"https:\/\/ccoo.app\/ics\/wp-json\/wp\/v2\/types\/post"}],"author":[{"embeddable":true,"href":"https:\/\/ccoo.app\/ics\/wp-json\/wp\/v2\/users\/4386"}],"replies":[{"embeddable":true,"href":"https:\/\/ccoo.app\/ics\/wp-json\/wp\/v2\/comments?post=35896"}],"version-history":[{"count":1,"href":"https:\/\/ccoo.app\/ics\/wp-json\/wp\/v2\/posts\/35896\/revisions"}],"predecessor-version":[{"id":35898,"href":"https:\/\/ccoo.app\/ics\/wp-json\/wp\/v2\/posts\/35896\/revisions\/35898"}],"wp:featuredmedia":[{"embeddable":true,"href":"https:\/\/ccoo.app\/ics\/wp-json\/wp\/v2\/media\/35897"}],"wp:attachment":[{"href":"https:\/\/ccoo.app\/ics\/wp-json\/wp\/v2\/media?parent=35896"}],"wp:term":[{"taxonomy":"category","embeddable":true,"href":"https:\/\/ccoo.app\/ics\/wp-json\/wp\/v2\/categories?post=35896"},{"taxonomy":"post_tag","embeddable":true,"href":"https:\/\/ccoo.app\/ics\/wp-json\/wp\/v2\/tags?post=35896"},{"taxonomy":"area","embeddable":true,"href":"https:\/\/ccoo.app\/ics\/wp-json\/wp\/v2\/area?post=35896"}],"curies":[{"name":"wp","href":"https:\/\/api.w.org\/{rel}","templated":true}]}}