{"id":35877,"date":"2026-01-16T20:00:00","date_gmt":"2026-01-16T19:00:00","guid":{"rendered":"https:\/\/ccoo.app\/ics\/?p=35877"},"modified":"2026-01-23T12:46:34","modified_gmt":"2026-01-23T11:46:34","slug":"ccoo-i-ugt-exigeixen-garanties-al-govern-per-a-la-implantacio-de-les-35-hores-en-la-age-i-la-jubilacio-parcial","status":"publish","type":"post","link":"https:\/\/ccoo.app\/ics\/noticies\/ccoo-i-ugt-exigeixen-garanties-al-govern-per-a-la-implantacio-de-les-35-hores-en-la-age-i-la-jubilacio-parcial\/","title":{"rendered":"CCOO i UGT exigeixen garanties al Govern per a la implantaci\u00f3 de les 35 hores en la AGE i la jubilaci\u00f3 parcial"},"content":{"rendered":"\n<h3 class=\"wp-block-heading\">L\u2019\u00c0rea P\u00fablica de CCOO i UGT Serveis P\u00fablics han exigit al Ministeri per a la Transformaci\u00f3 Digital i de la Funci\u00f3 P\u00fablica garanties per a la implantaci\u00f3 de la jornada de 35 hores en l\u2019Administraci\u00f3 General de l\u2019Estat (AGE) el mes vinent de febrer o principis de mar\u00e7, aix\u00ed com la recuperaci\u00f3 de la jubilaci\u00f3 parcial tal com est\u00e0 comprom\u00e8s.<\/h3>\n\n\n\n<p>UGT i CCOO surten molt decebudes amb la reuni\u00f3 en la qual el Govern ens ha traslladat que l\u2019idoni per a ells \u00e9s esperar als Pressupostos Generals de l\u2019Estat de 2026 i implantar aix\u00ed la jornada de 35 hores en la AGE amb rang de Llei, la qual cosa retardaria la seva implantaci\u00f3, per la qual cosa hem expressat la nostra discrep\u00e0ncia.<\/p>\n\n\n\n<p>Respecte a la jubilaci\u00f3 parcial del personal laboral, el comprom\u00eds era recuperar-la abans de finals de 2025 -despr\u00e9s d\u2019haver estat suspesa des de l\u20191 d\u2019abril-. Es tracta d\u2019un assumpte prioritari per a totes dues organitzacions i vital per a poder continuar en la bona l\u00ednia de negociaci\u00f3 que s\u2019ha obert amb el nou equip de Funci\u00f3 P\u00fablica.<\/p>\n\n\n\n<p>Quant a la jubilaci\u00f3 parcial del personal funcionari i estatuari, igual que la classificaci\u00f3 professional, s\u00f3n compromisos incomplerts de l\u2019Acord marc per a una Administraci\u00f3 del Segle XXI, la vig\u00e8ncia del qual va expirar al desembre de 2024, i que resulta igualment peremptori tancar.<\/p>\n\n\n\n<p>Esperem que, en la pr\u00f2xima reuni\u00f3, que ser\u00e0 el dimecres 28 de gener, tinguem certeses i avan\u00e7os. En cas contrari, ens reservem la possibilitat d\u2019emprendre les accions que considerem oportunes per a portar a bon terme aquestes mat\u00e8ries del tot imprescindibles.<\/p>\n","protected":false},"excerpt":{"rendered":"<p>L\u2019\u00c0rea P\u00fablica de CCOO i UGT Serveis P\u00fablics han exigit al Ministeri per a la Transformaci\u00f3 Digital i de la Funci\u00f3 P\u00fablica garanties per a la implantaci\u00f3 de la jornada &#8230; <a title=\"CCOO i UGT exigeixen garanties al Govern per a la implantaci\u00f3 de les 35 hores en la AGE i la jubilaci\u00f3 parcial\" class=\"read-more\" href=\"https:\/\/ccoo.app\/ics\/noticies\/ccoo-i-ugt-exigeixen-garanties-al-govern-per-a-la-implantacio-de-les-35-hores-en-la-age-i-la-jubilacio-parcial\/\" aria-label=\"M\u00e9s informaci\u00f3 sobre CCOO i UGT exigeixen garanties al Govern per a la implantaci\u00f3 de les 35 hores en la AGE i la jubilaci\u00f3 parcial\">Read more<\/a><\/p>\n","protected":false},"author":4386,"featured_media":35878,"comment_status":"closed","ping_status":"closed","sticky":false,"template":"","format":"standard","meta":{"footnotes":""},"categories":[12,1],"tags":[],"area":[],"class_list":["post-35877","post","type-post","status-publish","format-standard","has-post-thumbnail","hentry","category-actualitat","category-noticies","generate-columns","tablet-grid-50","mobile-grid-100","grid-parent","grid-50"],"_links":{"self":[{"href":"https:\/\/ccoo.app\/ics\/wp-json\/wp\/v2\/posts\/35877","targetHints":{"allow":["GET"]}}],"collection":[{"href":"https:\/\/ccoo.app\/ics\/wp-json\/wp\/v2\/posts"}],"about":[{"href":"https:\/\/ccoo.app\/ics\/wp-json\/wp\/v2\/types\/post"}],"author":[{"embeddable":true,"href":"https:\/\/ccoo.app\/ics\/wp-json\/wp\/v2\/users\/4386"}],"replies":[{"embeddable":true,"href":"https:\/\/ccoo.app\/ics\/wp-json\/wp\/v2\/comments?post=35877"}],"version-history":[{"count":1,"href":"https:\/\/ccoo.app\/ics\/wp-json\/wp\/v2\/posts\/35877\/revisions"}],"predecessor-version":[{"id":35879,"href":"https:\/\/ccoo.app\/ics\/wp-json\/wp\/v2\/posts\/35877\/revisions\/35879"}],"wp:featuredmedia":[{"embeddable":true,"href":"https:\/\/ccoo.app\/ics\/wp-json\/wp\/v2\/media\/35878"}],"wp:attachment":[{"href":"https:\/\/ccoo.app\/ics\/wp-json\/wp\/v2\/media?parent=35877"}],"wp:term":[{"taxonomy":"category","embeddable":true,"href":"https:\/\/ccoo.app\/ics\/wp-json\/wp\/v2\/categories?post=35877"},{"taxonomy":"post_tag","embeddable":true,"href":"https:\/\/ccoo.app\/ics\/wp-json\/wp\/v2\/tags?post=35877"},{"taxonomy":"area","embeddable":true,"href":"https:\/\/ccoo.app\/ics\/wp-json\/wp\/v2\/area?post=35877"}],"curies":[{"name":"wp","href":"https:\/\/api.w.org\/{rel}","templated":true}]}}