{"id":35873,"date":"2026-01-19T20:00:00","date_gmt":"2026-01-19T19:00:00","guid":{"rendered":"https:\/\/ccoo.app\/ics\/?p=35873"},"modified":"2026-01-23T12:44:51","modified_gmt":"2026-01-23T11:44:51","slug":"ccoo-convoca-una-nova-concentracio-davant-el-ministeri-deducacio-per-a-posar-fi-a-la-discriminacio-dels-tecnics-superiors-sanitaris","status":"publish","type":"post","link":"https:\/\/ccoo.app\/ics\/noticies\/ccoo-convoca-una-nova-concentracio-davant-el-ministeri-deducacio-per-a-posar-fi-a-la-discriminacio-dels-tecnics-superiors-sanitaris\/","title":{"rendered":"CCOO convoca una nova concentraci\u00f3 davant el ministeri d\u2019Educaci\u00f3 per a posar fi a la discriminaci\u00f3 dels T\u00e8cnics Superiors Sanitaris"},"content":{"rendered":"\n<h3 class=\"wp-block-heading\">La Federaci\u00f3 de Sanitat i Sectors Sociosanitaris de CCOO de Madrid reclama l\u2019estudi, desenvolupament i implantaci\u00f3 del Grau Universitari per als TSS, un col\u00b7lectiu essencial del Sistema Nacional de Salut que porta m\u00e9s de dues d\u00e8cades en situaci\u00f3 de bloqueig i aband\u00f3 institucional<\/h3>\n\n\n\n<p>La Federaci\u00f3 de Sanitat i Sectors Sociosanitaris de CCOO de Madrid insisteix que els TSS s\u00f3n un pilar essencial del Sistema Nacional de Salut, exercint funcions altament especialitzades, amb un elevat nivell de responsabilitat t\u00e8cnica i un \u00fas intensiu de tecnologia d\u2019\u00faltima generaci\u00f3, amb impacte directe en la qualitat assistencial. No obstant aix\u00f2, continuen sent l\u2019\u00fanic col\u00b7lectiu sanitari d\u2019aquestes caracter\u00edstiques sense acc\u00e9s a una formaci\u00f3 universit\u00e0ria de grau, amb plans formatius clarament obsolets.<\/p>\n\n\n\n<p>Aquesta situaci\u00f3 suposa un greuge comparatiu inacceptable respecte a altres professionals sanitaris i, especialment, enfront dels seus hom\u00f2legs en la resta de pa\u00efsos de la Uni\u00f3 Europea. La falta d\u2019un grau universitari impedeix l\u2019homologaci\u00f3 de titulacions, limita la mobilitat professional en l\u2019espai europeu i frena el ple reconeixement acad\u00e8mic i laboral de milers de professionals.<\/p>\n\n\n\n<p>CCOO adverteix que aquesta realitat mant\u00e9 als TSS en una posici\u00f3 de desigualtat estructural, vulnerant els principis d\u2019igualtat, equitat i converg\u00e8ncia europea que haurien de guiar les pol\u00edtiques educatives i sanit\u00e0ries de l\u2019Estat.<\/p>\n\n\n\n<p>Per tot aix\u00f2, el sindicat considera que no caben m\u00e9s dilacions i exigeix al Ministeri d\u2019Educaci\u00f3 que impulsi de manera immediata l\u2019estudi i desenvolupament dels graus universitaris corresponents a les diferents categories de T\u00e8cnics Superiors Sanitaris, com a \u00fanica via per a corregir una injust\u00edcia hist\u00f2rica.<\/p>\n\n\n\n<p><strong>Nova mobilitzaci\u00f3<\/strong><\/p>\n\n\n\n<p>Davant la falta de respostes i amb l\u2019objectiu de visibilitzar aquesta reivindicaci\u00f3 priorit\u00e0ria, CCOO convoca una concentraci\u00f3 davant el Ministeri d\u2019Educaci\u00f3 (C\/ Alcal\u00e1 n\u00fam. 34) el pr\u00f2xim 29 de gener a les 12.00 h, per a exigir una soluci\u00f3 real i definitiva que situ\u00ef a les i els T\u00e8cnics Superiors Sanitaris en el lloc que els correspon dins del sistema sanitari i educatiu.<\/p>\n\n\n\n<div data-wp-interactive=\"core\/file\" class=\"wp-block-file\"><object data-wp-bind--hidden=\"!state.hasPdfPreview\" hidden class=\"wp-block-file__embed\" data=\"https:\/\/ccoo.app\/ics\/wp-content\/blogs.dir\/6\/files\/sites\/200\/2026\/01\/Cartell-concentracio-Tecnics-Superiors-29E.pdf\" type=\"application\/pdf\" style=\"width:100%;height:600px\" aria-label=\"Incrustaci\u00f3 del fitxer Cartell concentraci\u00f3 T\u00e8cnics Superiors 29E.\"><\/object><a id=\"wp-block-file--media-f843fb00-2cc4-4030-b6fd-4f6a69d2986a\" href=\"https:\/\/ccoo.app\/ics\/wp-content\/blogs.dir\/6\/files\/sites\/200\/2026\/01\/Cartell-concentracio-Tecnics-Superiors-29E.pdf\">Cartell concentraci\u00f3 T\u00e8cnics Superiors 29E<\/a><a href=\"https:\/\/ccoo.app\/ics\/wp-content\/blogs.dir\/6\/files\/sites\/200\/2026\/01\/Cartell-concentracio-Tecnics-Superiors-29E.pdf\" class=\"wp-block-file__button wp-element-button\" download aria-describedby=\"wp-block-file--media-f843fb00-2cc4-4030-b6fd-4f6a69d2986a\">Baixa<\/a><\/div>\n","protected":false},"excerpt":{"rendered":"<p>La Federaci\u00f3 de Sanitat i Sectors Sociosanitaris de CCOO de Madrid reclama l\u2019estudi, desenvolupament i implantaci\u00f3 del Grau Universitari per als TSS, un col\u00b7lectiu essencial del Sistema Nacional de Salut &#8230; <a title=\"CCOO convoca una nova concentraci\u00f3 davant el ministeri d\u2019Educaci\u00f3 per a posar fi a la discriminaci\u00f3 dels T\u00e8cnics Superiors Sanitaris\" class=\"read-more\" href=\"https:\/\/ccoo.app\/ics\/noticies\/ccoo-convoca-una-nova-concentracio-davant-el-ministeri-deducacio-per-a-posar-fi-a-la-discriminacio-dels-tecnics-superiors-sanitaris\/\" aria-label=\"M\u00e9s informaci\u00f3 sobre CCOO convoca una nova concentraci\u00f3 davant el ministeri d\u2019Educaci\u00f3 per a posar fi a la discriminaci\u00f3 dels T\u00e8cnics Superiors Sanitaris\">Read more<\/a><\/p>\n","protected":false},"author":4386,"featured_media":35875,"comment_status":"closed","ping_status":"closed","sticky":false,"template":"","format":"standard","meta":{"footnotes":""},"categories":[13,12,1],"tags":[],"area":[],"class_list":["post-35873","post","type-post","status-publish","format-standard","has-post-thumbnail","hentry","category-accions-sindicals","category-actualitat","category-noticies","generate-columns","tablet-grid-50","mobile-grid-100","grid-parent","grid-50"],"_links":{"self":[{"href":"https:\/\/ccoo.app\/ics\/wp-json\/wp\/v2\/posts\/35873","targetHints":{"allow":["GET"]}}],"collection":[{"href":"https:\/\/ccoo.app\/ics\/wp-json\/wp\/v2\/posts"}],"about":[{"href":"https:\/\/ccoo.app\/ics\/wp-json\/wp\/v2\/types\/post"}],"author":[{"embeddable":true,"href":"https:\/\/ccoo.app\/ics\/wp-json\/wp\/v2\/users\/4386"}],"replies":[{"embeddable":true,"href":"https:\/\/ccoo.app\/ics\/wp-json\/wp\/v2\/comments?post=35873"}],"version-history":[{"count":1,"href":"https:\/\/ccoo.app\/ics\/wp-json\/wp\/v2\/posts\/35873\/revisions"}],"predecessor-version":[{"id":35876,"href":"https:\/\/ccoo.app\/ics\/wp-json\/wp\/v2\/posts\/35873\/revisions\/35876"}],"wp:featuredmedia":[{"embeddable":true,"href":"https:\/\/ccoo.app\/ics\/wp-json\/wp\/v2\/media\/35875"}],"wp:attachment":[{"href":"https:\/\/ccoo.app\/ics\/wp-json\/wp\/v2\/media?parent=35873"}],"wp:term":[{"taxonomy":"category","embeddable":true,"href":"https:\/\/ccoo.app\/ics\/wp-json\/wp\/v2\/categories?post=35873"},{"taxonomy":"post_tag","embeddable":true,"href":"https:\/\/ccoo.app\/ics\/wp-json\/wp\/v2\/tags?post=35873"},{"taxonomy":"area","embeddable":true,"href":"https:\/\/ccoo.app\/ics\/wp-json\/wp\/v2\/area?post=35873"}],"curies":[{"name":"wp","href":"https:\/\/api.w.org\/{rel}","templated":true}]}}