{"id":35869,"date":"2026-01-14T20:23:00","date_gmt":"2026-01-14T19:23:00","guid":{"rendered":"https:\/\/ccoo.app\/ics\/?p=35869"},"modified":"2026-01-27T16:58:35","modified_gmt":"2026-01-27T15:58:35","slug":"ccoo-presenta-la-seva-proposta-de-reclassificacio-professional-per-al-personal-del-sistema-nacional-de-salut","status":"publish","type":"post","link":"https:\/\/ccoo.app\/ics\/noticies\/ccoo-presenta-la-seva-proposta-de-reclassificacio-professional-per-al-personal-del-sistema-nacional-de-salut\/","title":{"rendered":"CCOO presenta la seva proposta de reclassificaci\u00f3 professional per al personal del Sistema Nacional de Salut"},"content":{"rendered":"\n<p>Una reclassificaci\u00f3 justa per a tot el Sistema Nacional de Salut.<\/p>\n\n\n\n<p>Per qu\u00e8 \u00e9s necess\u00e0ria?<\/p>\n\n\n\n<ul class=\"wp-block-list\">\n<li>La classificaci\u00f3 actual \u00e9s antiga i injusta.<\/li>\n\n\n\n<li>No reconeix la formaci\u00f3 real ni el treball de molts col\u00b7lectius.<\/li>\n\n\n\n<li>Europa ja funciona amb el MEC equivalent al MECU (Marc Espanyol de Qualificacions).<\/li>\n\n\n\n<li>\u00c9s la Proposta que fem per a actualitzar l&#8217;Estatut Marc.<\/li>\n<\/ul>\n\n\n\n<p>Amb aquesta reclassificaci\u00f3 aconseguim:<\/p>\n\n\n\n<ol class=\"wp-block-list\">\n<li>Reconeixement professional i salarial real.<\/li>\n\n\n\n<li>Igualtat amb Europa i mobilitat professional. <\/li>\n\n\n\n<li>Fi de la discriminaci\u00f3 hist\u00f2rica entre categories.<br><\/li>\n<\/ol>\n\n\n\n<p><strong>La teva formaci\u00f3 i el teu treball valen.  <\/strong><\/p>\n\n\n\n<p><strong>Una reclassificaci\u00f3 justa per a tot el Sistema Nacional de Salut. \u00c9s hora que es reconegui!<\/strong><\/p>\n\n\n\n<div data-wp-interactive=\"core\/file\" class=\"wp-block-file\"><object data-wp-bind--hidden=\"!state.hasPdfPreview\" hidden class=\"wp-block-file__embed\" data=\"https:\/\/ccoo.app\/ics\/wp-content\/blogs.dir\/6\/files\/sites\/200\/2026\/01\/SANITAT-Reclassificacio-2026-.pdf\" type=\"application\/pdf\" style=\"width:100%;height:1080px\" aria-label=\"Incrustaci\u00f3 del fitxer SANITAT - Reclassificaci\u00f3 2026.\"><\/object><a id=\"wp-block-file--media-a5f43ba8-3793-4249-8c01-b88d8c445b64\" href=\"https:\/\/ccoo.app\/ics\/wp-content\/blogs.dir\/6\/files\/sites\/200\/2026\/01\/SANITAT-Reclassificacio-2026-.pdf\">SANITAT &#8211; Reclassificaci\u00f3 2026<\/a><a href=\"https:\/\/ccoo.app\/ics\/wp-content\/blogs.dir\/6\/files\/sites\/200\/2026\/01\/SANITAT-Reclassificacio-2026-.pdf\" class=\"wp-block-file__button wp-element-button\" download aria-describedby=\"wp-block-file--media-a5f43ba8-3793-4249-8c01-b88d8c445b64\">Baixa<\/a><\/div>\n","protected":false},"excerpt":{"rendered":"<p>Una reclassificaci\u00f3 justa per a tot el Sistema Nacional de Salut. Per qu\u00e8 \u00e9s necess\u00e0ria? Amb aquesta reclassificaci\u00f3 aconseguim: La teva formaci\u00f3 i el teu treball valen. Una reclassificaci\u00f3 justa &#8230; <a title=\"CCOO presenta la seva proposta de reclassificaci\u00f3 professional per al personal del Sistema Nacional de Salut\" class=\"read-more\" href=\"https:\/\/ccoo.app\/ics\/noticies\/ccoo-presenta-la-seva-proposta-de-reclassificacio-professional-per-al-personal-del-sistema-nacional-de-salut\/\" aria-label=\"M\u00e9s informaci\u00f3 sobre CCOO presenta la seva proposta de reclassificaci\u00f3 professional per al personal del Sistema Nacional de Salut\">Read more<\/a><\/p>\n","protected":false},"author":4386,"featured_media":35871,"comment_status":"closed","ping_status":"closed","sticky":false,"template":"","format":"standard","meta":{"footnotes":""},"categories":[12,1],"tags":[],"area":[],"class_list":["post-35869","post","type-post","status-publish","format-standard","has-post-thumbnail","hentry","category-actualitat","category-noticies","generate-columns","tablet-grid-50","mobile-grid-100","grid-parent","grid-50"],"_links":{"self":[{"href":"https:\/\/ccoo.app\/ics\/wp-json\/wp\/v2\/posts\/35869","targetHints":{"allow":["GET"]}}],"collection":[{"href":"https:\/\/ccoo.app\/ics\/wp-json\/wp\/v2\/posts"}],"about":[{"href":"https:\/\/ccoo.app\/ics\/wp-json\/wp\/v2\/types\/post"}],"author":[{"embeddable":true,"href":"https:\/\/ccoo.app\/ics\/wp-json\/wp\/v2\/users\/4386"}],"replies":[{"embeddable":true,"href":"https:\/\/ccoo.app\/ics\/wp-json\/wp\/v2\/comments?post=35869"}],"version-history":[{"count":2,"href":"https:\/\/ccoo.app\/ics\/wp-json\/wp\/v2\/posts\/35869\/revisions"}],"predecessor-version":[{"id":35886,"href":"https:\/\/ccoo.app\/ics\/wp-json\/wp\/v2\/posts\/35869\/revisions\/35886"}],"wp:featuredmedia":[{"embeddable":true,"href":"https:\/\/ccoo.app\/ics\/wp-json\/wp\/v2\/media\/35871"}],"wp:attachment":[{"href":"https:\/\/ccoo.app\/ics\/wp-json\/wp\/v2\/media?parent=35869"}],"wp:term":[{"taxonomy":"category","embeddable":true,"href":"https:\/\/ccoo.app\/ics\/wp-json\/wp\/v2\/categories?post=35869"},{"taxonomy":"post_tag","embeddable":true,"href":"https:\/\/ccoo.app\/ics\/wp-json\/wp\/v2\/tags?post=35869"},{"taxonomy":"area","embeddable":true,"href":"https:\/\/ccoo.app\/ics\/wp-json\/wp\/v2\/area?post=35869"}],"curies":[{"name":"wp","href":"https:\/\/api.w.org\/{rel}","templated":true}]}}