{"id":35865,"date":"2025-12-23T20:14:00","date_gmt":"2025-12-23T19:14:00","guid":{"rendered":"https:\/\/ccoo.app\/ics\/?p=35865"},"modified":"2026-01-17T11:16:52","modified_gmt":"2026-01-17T10:16:52","slug":"ampliat-fins-al-31-de-desembre-de-2026-la-compatibilitat-entre-jubilacio-i-servei-actiu-de-medics-as-de-familia-i-pediatres-datencio-primaria","status":"publish","type":"post","link":"https:\/\/ccoo.app\/ics\/noticies\/ampliat-fins-al-31-de-desembre-de-2026-la-compatibilitat-entre-jubilacio-i-servei-actiu-de-medics-as-de-familia-i-pediatres-datencio-primaria\/","title":{"rendered":"Ampliat fins al 31 de desembre de 2026 la compatibilitat entre jubilaci\u00f3 i servei actiu de m\u00e8dics\/as de fam\u00edlia i pediatres d\u2019atenci\u00f3 prim\u00e0ria"},"content":{"rendered":"\n<h3 class=\"wp-block-heading\">Mitjan\u00e7ant Reial decret publicat en el BOE s\u2019amplia durant un any m\u00e9s que els facultatius d\u2019atenci\u00f3 prim\u00e0ria, m\u00e8dics\/as de fam\u00edlia i pediatres, adscrits al Sistema Nacional de Salut amb nomenament estatutari o funcionari puguin compatibilitzar la pensi\u00f3 contributiva de jubilaci\u00f3 amb el treball.<\/h3>\n\n\n\n<p>El Reial decret llei 16\/2025, de 23 de desembre, pel qual es prorroguen determinades mesures per a fer front a situacions de vulnerabilitat social, i s\u2019adopten mesures urgents en mat\u00e8ria tribut\u00e0ria i de Seguretat Social descriu el seg\u00fcent:<\/p>\n\n\n\n<p>Des del 28 de desembre de 2022 i fins al 31 de desembre de 2026, personal facultatiu d\u2019atenci\u00f3 prim\u00e0ria metges de fam\u00edlia i pediatres, adscrits al Sistema Nacional de Salut amb nomenament estatutari o funcionari podran continuar exercint les seves funcions durant la pr\u00f2rroga en el servei actiu i, simult\u00e0niament, accedir a la jubilaci\u00f3 percebent el setanta-cinc per cent de l\u2019import resultant en el reconeixement inicial de la pensi\u00f3, una vegada aplicat, si escau, el l\u00edmit m\u00e0xim de pensi\u00f3 p\u00fablica.<\/p>\n\n\n\n<p>Aix\u00ed mateix, podran accedir a aquesta compatibilitat els facultatius i facultatives d\u2019atenci\u00f3 prim\u00e0ria indicats en el par\u00e0graf anterior que haguessin accedit a la pensi\u00f3 contributiva de jubilaci\u00f3 i es reincorporin al servei actiu, sempre que el fet causant d\u2019aquesta pensi\u00f3 hagi tingut lloc a partir de l\u20191 de gener de 2022 o s\u2019haguessin acollit en el seu moment a la compatibilitat de la pensi\u00f3 de jubilaci\u00f3 amb el nomenament com a personal estatutari o funcionari de les i els professionals sanitaris, realitzat a l\u2019empara del Reial decret llei 8\/2021(\u2026)<\/p>\n\n\n\n<p>Els facultatius i facultatives que a data 31 de desembre de 2026 es trobin compatibilitzant la pensi\u00f3 de jubilaci\u00f3 amb el treball a l\u2019empara del que es preveu en aquesta disposici\u00f3 transit\u00f2ria, podran mantenir aquesta compatibilitat fins que cessin en el servei actiu<\/p>\n\n\n\n<div data-wp-interactive=\"core\/file\" class=\"wp-block-file\"><object data-wp-bind--hidden=\"!state.hasPdfPreview\" hidden class=\"wp-block-file__embed\" data=\"https:\/\/ccoo.app\/ics\/wp-content\/blogs.dir\/6\/files\/sites\/200\/2026\/01\/Reial-decret-llei-16-2025.pdf\" type=\"application\/pdf\" style=\"width:100%;height:600px\" aria-label=\"Incrustaci\u00f3 del fitxer Reial decret llei 16-2025.\"><\/object><a id=\"wp-block-file--media-925f49ff-2e3d-4c30-9d57-5e7445f3e34e\" href=\"https:\/\/ccoo.app\/ics\/wp-content\/blogs.dir\/6\/files\/sites\/200\/2026\/01\/Reial-decret-llei-16-2025.pdf\">Reial decret llei 16-2025<\/a><a href=\"https:\/\/ccoo.app\/ics\/wp-content\/blogs.dir\/6\/files\/sites\/200\/2026\/01\/Reial-decret-llei-16-2025.pdf\" class=\"wp-block-file__button wp-element-button\" download aria-describedby=\"wp-block-file--media-925f49ff-2e3d-4c30-9d57-5e7445f3e34e\">Baixa<\/a><\/div>\n","protected":false},"excerpt":{"rendered":"<p>Mitjan\u00e7ant Reial decret publicat en el BOE s\u2019amplia durant un any m\u00e9s que els facultatius d\u2019atenci\u00f3 prim\u00e0ria, m\u00e8dics\/as de fam\u00edlia i pediatres, adscrits al Sistema Nacional de Salut amb nomenament &#8230; <a title=\"Ampliat fins al 31 de desembre de 2026 la compatibilitat entre jubilaci\u00f3 i servei actiu de m\u00e8dics\/as de fam\u00edlia i pediatres d\u2019atenci\u00f3 prim\u00e0ria\" class=\"read-more\" href=\"https:\/\/ccoo.app\/ics\/noticies\/ampliat-fins-al-31-de-desembre-de-2026-la-compatibilitat-entre-jubilacio-i-servei-actiu-de-medics-as-de-familia-i-pediatres-datencio-primaria\/\" aria-label=\"M\u00e9s informaci\u00f3 sobre Ampliat fins al 31 de desembre de 2026 la compatibilitat entre jubilaci\u00f3 i servei actiu de m\u00e8dics\/as de fam\u00edlia i pediatres d\u2019atenci\u00f3 prim\u00e0ria\">Read more<\/a><\/p>\n","protected":false},"author":4386,"featured_media":35867,"comment_status":"closed","ping_status":"closed","sticky":false,"template":"","format":"standard","meta":{"footnotes":""},"categories":[12,1],"tags":[],"area":[],"class_list":["post-35865","post","type-post","status-publish","format-standard","has-post-thumbnail","hentry","category-actualitat","category-noticies","generate-columns","tablet-grid-50","mobile-grid-100","grid-parent","grid-50"],"_links":{"self":[{"href":"https:\/\/ccoo.app\/ics\/wp-json\/wp\/v2\/posts\/35865","targetHints":{"allow":["GET"]}}],"collection":[{"href":"https:\/\/ccoo.app\/ics\/wp-json\/wp\/v2\/posts"}],"about":[{"href":"https:\/\/ccoo.app\/ics\/wp-json\/wp\/v2\/types\/post"}],"author":[{"embeddable":true,"href":"https:\/\/ccoo.app\/ics\/wp-json\/wp\/v2\/users\/4386"}],"replies":[{"embeddable":true,"href":"https:\/\/ccoo.app\/ics\/wp-json\/wp\/v2\/comments?post=35865"}],"version-history":[{"count":1,"href":"https:\/\/ccoo.app\/ics\/wp-json\/wp\/v2\/posts\/35865\/revisions"}],"predecessor-version":[{"id":35868,"href":"https:\/\/ccoo.app\/ics\/wp-json\/wp\/v2\/posts\/35865\/revisions\/35868"}],"wp:featuredmedia":[{"embeddable":true,"href":"https:\/\/ccoo.app\/ics\/wp-json\/wp\/v2\/media\/35867"}],"wp:attachment":[{"href":"https:\/\/ccoo.app\/ics\/wp-json\/wp\/v2\/media?parent=35865"}],"wp:term":[{"taxonomy":"category","embeddable":true,"href":"https:\/\/ccoo.app\/ics\/wp-json\/wp\/v2\/categories?post=35865"},{"taxonomy":"post_tag","embeddable":true,"href":"https:\/\/ccoo.app\/ics\/wp-json\/wp\/v2\/tags?post=35865"},{"taxonomy":"area","embeddable":true,"href":"https:\/\/ccoo.app\/ics\/wp-json\/wp\/v2\/area?post=35865"}],"curies":[{"name":"wp","href":"https:\/\/api.w.org\/{rel}","templated":true}]}}