{"id":35851,"date":"2025-12-22T10:59:09","date_gmt":"2025-12-22T09:59:09","guid":{"rendered":"https:\/\/ccoo.app\/ics\/?p=35851"},"modified":"2025-12-22T10:59:11","modified_gmt":"2025-12-22T09:59:11","slug":"avanca-satisfactoriament-la-negociacio-perque-lavantprojecte-de-llei-de-lestatut-marc-contempli-les-millores-compromeses-pel-ministeri-de-sanitat","status":"publish","type":"post","link":"https:\/\/ccoo.app\/ics\/noticies\/actualitat\/avanca-satisfactoriament-la-negociacio-perque-lavantprojecte-de-llei-de-lestatut-marc-contempli-les-millores-compromeses-pel-ministeri-de-sanitat\/","title":{"rendered":"Avan\u00e7a satisfact\u00f2riament la negociaci\u00f3 perqu\u00e8 l\u2019avantprojecte de Llei de l\u2019Estatut Marc contempli les millores compromeses pel Ministeri de Sanitat"},"content":{"rendered":"\n<ul class=\"wp-block-list\">\n<li>FSS-CCOO, SATSE-FSES, UGT i CSIF continuen treballant perqu\u00e8 s\u2019incloguin aspectes essencials en l\u2019Avantprojecte de Llei. Les dues parts han revisat avui tots els \u00faltims canvis del text de la norma que es van acordar en la reuni\u00f3 del passat dilluns.<\/li>\n\n\n\n<li>Sindicats i Ministeri de Sanitat abordaran en una pr\u00f2xima reuni\u00f3, que tindr\u00e0 lloc el dilluns, 22 de desembre, l\u2019acord espec\u00edfic que es vol aconseguir entorn del nou model retributiu.<\/li>\n<\/ul>\n\n\n\n<p>Les organitzacions sindicals amb representaci\u00f3 en l\u2019\u00c0mbit de Negociaci\u00f3 (FSS-CCOO, SATSE-FSES, UGT i CSIF) s\u2019han reunit avui amb el Ministeri de Sanitat per a continuar treballant en les millores encara pendents d\u2019acordar en l\u2019Estatut Marc del personal estatutari dels serveis de salut.<\/p>\n\n\n\n<p>La reuni\u00f3 ha servit per a continuar acostant postures entorn d\u2019aquells aspectes que les organitzacions sindicals consideren essencials, com la jornada de treball, la possibilitat d\u2019accedir a les jubilacions parcial i anticipada i el reconeixement retributiu que ha d\u2019acompanyar al nou model de classificaci\u00f3 professional acordat.<\/p>\n\n\n\n<p>Les dues parts han revisat avui tots els \u00faltims canvis del text de la norma que es van acordar en la reuni\u00f3 del passat dilluns. En una pr\u00f2xima cita amb els representants del Ministeri de Sanitat, que tindr\u00e0 lloc el dilluns, 22 de desembre, s\u2019abordar\u00e0 l\u2019acord espec\u00edfic que es vol aconseguir entorn del nou model retributiu.<\/p>\n\n\n\n<p><strong>\u201cCavall de batalla\u201d<\/strong><\/p>\n\n\n\n<p>Els sindicats recorden que, una vegada que el Ministeri va acceptar la seva proposta perqu\u00e8 el nou Estatut Marc estableixi una classificaci\u00f3 basada en la formaci\u00f3 acad\u00e8mica i nivell de qualificaci\u00f3 adquirida sobre la base del Marc Espanyol de Qualificacions per a l\u2019Aprenentatge Permanent (MECU), el \u201ccavall de batalla\u201d es troba a aconseguir tamb\u00e9 el reconeixement retributiu corresponent.<\/p>\n\n\n\n<p>Sobre aquest tema, les organitzacions sindicals recalquen que, a m\u00e9s de posar fi a la discriminaci\u00f3 que encara existia entre categories professionals del SNS, \u00e9s fonamental que qualsevol treballador cobri el que li correspon en funci\u00f3 de la seva qualificaci\u00f3 i compet\u00e8ncies professionals.<\/p>\n\n\n\n<p><strong>M\u00e9s millores<\/strong><\/p>\n\n\n\n<p>Tamb\u00e9 s\u2019han vist recollides altres propostes que els sindicats van fer a l\u2019inici de la negociaci\u00f3 i van ser posteriorment rebutjades pel Ministeri de Sanitat i que, despr\u00e9s de la reuni\u00f3 del passat dilluns, es van tornar a posar sobre la taula de negociaci\u00f3 a fi de millorar encara m\u00e9s l\u2019Avantprojecte de Llei.<\/p>\n\n\n\n<p>Despr\u00e9s de la reuni\u00f3, FSS-CCOO, SATSE-FSES, UGT i CSIF han reiterat que la negociaci\u00f3 amb el departament de M\u00f3nica Garc\u00eda \u201ccontinua encara oberta\u201d, amb el que les jornades de vaga previstes per a gener es mantenen \u201cen suspens\u201d, per\u00f2 no estan desconvocades.<\/p>\n\n\n\n<p>Els sindicats han tornat a valorar positivament l\u2019\u00e0nim del Ministeri per aprovar un text de la norma consensuat amb les organitzacions amb representaci\u00f3 en l\u2019\u00c0mbit de Negociaci\u00f3 i, per tant, amb la legitimaci\u00f3 necess\u00e0ria per a defensar els drets i condicions laborals del conjunt del personal sanitari del Sistema Nacional de Salut.<\/p>\n","protected":false},"excerpt":{"rendered":"<p>Les organitzacions sindicals amb representaci\u00f3 en l\u2019\u00c0mbit de Negociaci\u00f3 (FSS-CCOO, SATSE-FSES, UGT i CSIF) s\u2019han reunit avui amb el Ministeri de Sanitat per a continuar treballant en les millores encara &#8230; <a title=\"Avan\u00e7a satisfact\u00f2riament la negociaci\u00f3 perqu\u00e8 l\u2019avantprojecte de Llei de l\u2019Estatut Marc contempli les millores compromeses pel Ministeri de Sanitat\" class=\"read-more\" href=\"https:\/\/ccoo.app\/ics\/noticies\/actualitat\/avanca-satisfactoriament-la-negociacio-perque-lavantprojecte-de-llei-de-lestatut-marc-contempli-les-millores-compromeses-pel-ministeri-de-sanitat\/\" aria-label=\"M\u00e9s informaci\u00f3 sobre Avan\u00e7a satisfact\u00f2riament la negociaci\u00f3 perqu\u00e8 l\u2019avantprojecte de Llei de l\u2019Estatut Marc contempli les millores compromeses pel Ministeri de Sanitat\">Read more<\/a><\/p>\n","protected":false},"author":4386,"featured_media":35852,"comment_status":"closed","ping_status":"closed","sticky":false,"template":"","format":"standard","meta":{"footnotes":""},"categories":[12,1],"tags":[],"area":[],"class_list":["post-35851","post","type-post","status-publish","format-standard","has-post-thumbnail","hentry","category-actualitat","category-noticies","generate-columns","tablet-grid-50","mobile-grid-100","grid-parent","grid-50"],"_links":{"self":[{"href":"https:\/\/ccoo.app\/ics\/wp-json\/wp\/v2\/posts\/35851","targetHints":{"allow":["GET"]}}],"collection":[{"href":"https:\/\/ccoo.app\/ics\/wp-json\/wp\/v2\/posts"}],"about":[{"href":"https:\/\/ccoo.app\/ics\/wp-json\/wp\/v2\/types\/post"}],"author":[{"embeddable":true,"href":"https:\/\/ccoo.app\/ics\/wp-json\/wp\/v2\/users\/4386"}],"replies":[{"embeddable":true,"href":"https:\/\/ccoo.app\/ics\/wp-json\/wp\/v2\/comments?post=35851"}],"version-history":[{"count":1,"href":"https:\/\/ccoo.app\/ics\/wp-json\/wp\/v2\/posts\/35851\/revisions"}],"predecessor-version":[{"id":35853,"href":"https:\/\/ccoo.app\/ics\/wp-json\/wp\/v2\/posts\/35851\/revisions\/35853"}],"wp:featuredmedia":[{"embeddable":true,"href":"https:\/\/ccoo.app\/ics\/wp-json\/wp\/v2\/media\/35852"}],"wp:attachment":[{"href":"https:\/\/ccoo.app\/ics\/wp-json\/wp\/v2\/media?parent=35851"}],"wp:term":[{"taxonomy":"category","embeddable":true,"href":"https:\/\/ccoo.app\/ics\/wp-json\/wp\/v2\/categories?post=35851"},{"taxonomy":"post_tag","embeddable":true,"href":"https:\/\/ccoo.app\/ics\/wp-json\/wp\/v2\/tags?post=35851"},{"taxonomy":"area","embeddable":true,"href":"https:\/\/ccoo.app\/ics\/wp-json\/wp\/v2\/area?post=35851"}],"curies":[{"name":"wp","href":"https:\/\/api.w.org\/{rel}","templated":true}]}}