{"id":35848,"date":"2025-12-17T17:05:49","date_gmt":"2025-12-17T16:05:49","guid":{"rendered":"https:\/\/ccoo.app\/ics\/?p=35848"},"modified":"2025-12-17T17:05:51","modified_gmt":"2025-12-17T16:05:51","slug":"lacord-sobre-lestatut-marc-queda-supeditat-a-la-incorporacio-efectiva-de-les-millores-compromeses-en-lavantprojecte-de-llei","status":"publish","type":"post","link":"https:\/\/ccoo.app\/ics\/noticies\/lacord-sobre-lestatut-marc-queda-supeditat-a-la-incorporacio-efectiva-de-les-millores-compromeses-en-lavantprojecte-de-llei\/","title":{"rendered":"L\u2019acord sobre l\u2019Estatut Marc queda supeditat a la incorporaci\u00f3 efectiva de les millores compromeses en l\u2019Avantprojecte de Llei"},"content":{"rendered":"\n<h3 class=\"wp-block-heading\">\u00b7 FSS-CCOO, SATSE-FSES, UGT, CSIF i CIG-Sa\u00fade han informat treballadors\/as del SNS sobre l\u2019actual estat de les negociacions que mantenen amb el Ministeri de Sanitat per a millorar les seves condicions laborals a trav\u00e9s de la reforma de l\u2019Estatut Marc.<br>\u00b7 Els responsables dels sindicats van traslladar a els\/as professionals presents en l\u2019Assemblea Informativa que la convocat\u00f2ria de vaga est\u00e0 suspesa a l\u2019espera de comprovar que totes les demandes de les Organitzacions Sindicals s\u2019inclouen en el nou esborrany de l\u2019Estatut Marc.<\/h3>\n\n\n\n<p>Les organitzacions sindicals amb representaci\u00f3 en l\u2019\u00c0mbit de Negociaci\u00f3 (FSS-CCOO, SATSE-FSES, UGT, CSIF i CIG-Sa\u00fade) han informat avui treballadors\/as del SNS sobre l\u2019actual estat de les negociacions que mantenen amb el Ministeri de Sanitat per a millorar les seves condicions laborals a trav\u00e9s de la reforma de l\u2019Estatut Marc del personal estatutari dels serveis de salut.<\/p>\n\n\n\n<p>En el marc d\u2019una Assemblea Informativa, que es reproduir\u00e0 a partir de gener en altres centres sanitaris de tot el Sistema Nacional de Salut, els sindicats han ofert detalls dels \u00faltims compromisos adquirits pel Ministeri de Sanitat, en la reuni\u00f3 de l\u2019\u00c0mbit de Negociaci\u00f3 celebrada dilluns passat, per a millorar aspectes molt importants de l\u2019Estatut Marc, i que estan a l\u2019espera de plasmar-se en un nou text de la norma.<\/p>\n\n\n\n<p>Els responsables dels sindicats van traslladar a els\/as professionals presents en l\u2019Assemblea Informativa que la convocat\u00f2ria de vaga est\u00e0 suspesa a l\u2019espera de comprovar que totes les demandes de les Organitzacions Sindicales s\u2019inclouen en el nou esborrany de l\u2019Estatut Marc.<\/p>\n\n\n\n<p><strong>\u201cRes per fet\u201d<\/strong><\/p>\n\n\n\n<p>Per aix\u00f2, els sindicats mantenen una postura de prud\u00e8ncia i cautela fins a comprovar que realment el nou text de l\u2019Estatut Marc millorar\u00e0 les condicions de treball de prop d\u2019un mili\u00f3 de treballadors\/as del SNS en aspectes fonamentals, com la jornada de treball, la possibilitat d\u2019accedir a les jubilacions parcial i anticipada i en el reconeixement retributiu que ha d\u2019acompanyar al nou model de classificaci\u00f3 professional acordat.<\/p>\n\n\n\n<p>Sobre aquest tema, incideixen en qu\u00e8 l\u2019experi\u00e8ncia en anteriors processos de negociaci\u00f3 amb l\u2019Administraci\u00f3 els porta a no donar \u201cres per fet\u201d fins que no estigui reflectit en l\u2019avantprojecte de Llei. \u201cLes bones declaracions d\u2019intencions en les reunions o en els mitjans de comunicaci\u00f3 no valen res sin\u00f3 es plasmen \u2018negre sobre blanc\u2019 en el text corresponent\u201d, afirmen, apuntant que, de no incloure\u2019s les millores esperades, reprendran la convocat\u00f2ria de vaga.<\/p>\n\n\n\n<p><strong>Gran complexitat<\/strong><\/p>\n\n\n\n<p>En l\u2019Assemblea Informativa tamb\u00e9 van posar l\u2019accent en la gran complexitat que ha caracteritzat tot el proc\u00e9s de negociaci\u00f3 amb el Ministeri de Sanitat al llarg dels \u00faltims gaireb\u00e9 tres anys a causa d\u2019una actitud poc \u00e0gil i responsable per part del Ministeri de Sanitat.<\/p>\n\n\n\n<p>Per part seva, les organitzacions sindicals de l\u2019\u00c0mbit sempre han buscat el dialogo i la negociaci\u00f3 amb l\u2019\u00fanic objectiu d\u2019acordar una Llei que estableixi les bases de les millores i avan\u00e7os que requereixen totes les categories laborals del SNS, sense discriminaci\u00f3 ni difer\u00e8ncies.<\/p>\n\n\n\n<p>FSS-CCOO, SATSE-FSES, UGT, CSIF i CIG-Sa\u00fade han reiterat que les millores i avan\u00e7os incorporats a la norma han estat fruit del treball realitzat durant tot aquest per\u00edode de temps en el marc de l\u2019\u00c0mbit de Negociaci\u00f3, que \u00e9s el f\u00f2rum legitimat, segons marca la Llei al nostre pa\u00eds, per a abordar les condicions de treball del personal estatutari dels serveis de salut.<\/p>\n","protected":false},"excerpt":{"rendered":"<p>\u00b7 FSS-CCOO, SATSE-FSES, UGT, CSIF i CIG-Sa\u00fade han informat treballadors\/as del SNS sobre l\u2019actual estat de les negociacions que mantenen amb el Ministeri de Sanitat per a millorar les seves &#8230; <a title=\"L\u2019acord sobre l\u2019Estatut Marc queda supeditat a la incorporaci\u00f3 efectiva de les millores compromeses en l\u2019Avantprojecte de Llei\" class=\"read-more\" href=\"https:\/\/ccoo.app\/ics\/noticies\/lacord-sobre-lestatut-marc-queda-supeditat-a-la-incorporacio-efectiva-de-les-millores-compromeses-en-lavantprojecte-de-llei\/\" aria-label=\"M\u00e9s informaci\u00f3 sobre L\u2019acord sobre l\u2019Estatut Marc queda supeditat a la incorporaci\u00f3 efectiva de les millores compromeses en l\u2019Avantprojecte de Llei\">Read more<\/a><\/p>\n","protected":false},"author":4386,"featured_media":35849,"comment_status":"closed","ping_status":"closed","sticky":false,"template":"","format":"standard","meta":{"footnotes":""},"categories":[12,1],"tags":[],"area":[],"class_list":["post-35848","post","type-post","status-publish","format-standard","has-post-thumbnail","hentry","category-actualitat","category-noticies","generate-columns","tablet-grid-50","mobile-grid-100","grid-parent","grid-50"],"_links":{"self":[{"href":"https:\/\/ccoo.app\/ics\/wp-json\/wp\/v2\/posts\/35848","targetHints":{"allow":["GET"]}}],"collection":[{"href":"https:\/\/ccoo.app\/ics\/wp-json\/wp\/v2\/posts"}],"about":[{"href":"https:\/\/ccoo.app\/ics\/wp-json\/wp\/v2\/types\/post"}],"author":[{"embeddable":true,"href":"https:\/\/ccoo.app\/ics\/wp-json\/wp\/v2\/users\/4386"}],"replies":[{"embeddable":true,"href":"https:\/\/ccoo.app\/ics\/wp-json\/wp\/v2\/comments?post=35848"}],"version-history":[{"count":1,"href":"https:\/\/ccoo.app\/ics\/wp-json\/wp\/v2\/posts\/35848\/revisions"}],"predecessor-version":[{"id":35850,"href":"https:\/\/ccoo.app\/ics\/wp-json\/wp\/v2\/posts\/35848\/revisions\/35850"}],"wp:featuredmedia":[{"embeddable":true,"href":"https:\/\/ccoo.app\/ics\/wp-json\/wp\/v2\/media\/35849"}],"wp:attachment":[{"href":"https:\/\/ccoo.app\/ics\/wp-json\/wp\/v2\/media?parent=35848"}],"wp:term":[{"taxonomy":"category","embeddable":true,"href":"https:\/\/ccoo.app\/ics\/wp-json\/wp\/v2\/categories?post=35848"},{"taxonomy":"post_tag","embeddable":true,"href":"https:\/\/ccoo.app\/ics\/wp-json\/wp\/v2\/tags?post=35848"},{"taxonomy":"area","embeddable":true,"href":"https:\/\/ccoo.app\/ics\/wp-json\/wp\/v2\/area?post=35848"}],"curies":[{"name":"wp","href":"https:\/\/api.w.org\/{rel}","templated":true}]}}