{"id":35766,"date":"2025-12-04T18:09:28","date_gmt":"2025-12-04T17:09:28","guid":{"rendered":"https:\/\/ccoo.app\/ics\/?p=35766"},"modified":"2025-12-16T18:10:24","modified_gmt":"2025-12-16T17:10:24","slug":"vaga-indefinida-de-tot-el-personal-del-sns-pel-rebuig-de-sanitat-a-acordar-un-estatut-marc-per-a-avancar","status":"publish","type":"post","link":"https:\/\/ccoo.app\/ics\/noticies\/vaga-indefinida-de-tot-el-personal-del-sns-pel-rebuig-de-sanitat-a-acordar-un-estatut-marc-per-a-avancar\/","title":{"rendered":"Vaga indefinida de tot el personal del SNS pel rebuig de Sanitat a acordar un Estatut Marc per a avan\u00e7ar"},"content":{"rendered":"\n<h3 class=\"wp-block-heading\">En tots els serveis de salut, a partir del pr\u00f2xim 27 de gener<\/h3>\n\n\n\n<ul class=\"wp-block-list\">\n<li>Convocades per FSS-CCOO, SATSE-FSES, UGT, CSIF i CIG-Sa\u00fade, les jornades de vaga se celebraran els dimarts de cada setmana, amb car\u00e0cter indefinit, una vegada que el Ministeri de Sanitat ha demostrat que no vol acordar un Estatut Marc que realment benefici\u00ef al conjunt de treballadors i treballadores de la sanitat p\u00fablica.<\/li>\n\n\n\n<li>El Ministeri de Sanitat, no sols no s\u2019ha volgut avan\u00e7ar en la negociaci\u00f3 amb els sindicats legitimats i representatius de tot el personal del SNS, sin\u00f3 que \u201cl\u2019ha dificultat i dilatat en mantenir i alimentar una negociaci\u00f3 paral\u00b7lela amb altres organitzacions fora de l\u2019\u00c0mbit de Negociaci\u00f3\u201d.<\/li>\n<\/ul>\n\n\n\n<p>Tot el personal de la sanitat p\u00fablica del nostre pa\u00eds est\u00e0 cridat a participar en la vaga indefinida que, a partir del 27 de gener, i cada dimarts, han convocat les organitzacions sindicals amb representaci\u00f3 en l\u2019\u00c0mbit de Negociaci\u00f3 (FSS-CCOO, SATSE-FSES, UGT, CSIF i CIG-Sa\u00fade), pel rebuig del Ministeri de Sanitat a acordar un nou Estatut Marc que millori les condicions laborals dels treballadors i treballadores.<\/p>\n\n\n\n<p>Aix\u00ed ho han anunciat avui els sindicats, en roda de premsa, despr\u00e9s de constatar que, despr\u00e9s de prop de tres anys de negociaci\u00f3, el Ministeri que dirigeix M\u00f3nica Garc\u00eda no t\u00e9 intenci\u00f3 de pactar un text de la nova Llei que realment benefici\u00ef al conjunt del personal estatuari, \u201csense excepcions i sense discriminacions entre col\u00b7lectius professionals\u201d, i que aconsegueixi un sistema sanitari \u201cm\u00e9s s\u00f2lid, preparat i que proporcioni una millor atenci\u00f3 a les persones\u201d.<\/p>\n\n\n\n<p><strong>Vaga indefinida<\/strong><\/p>\n\n\n\n<p>Les organitzacions van explicar que no els ha quedat m\u00e9s remei que convocar les jornades de vaga, que se celebraran els dimarts de cada setmana, amb car\u00e0cter indefinit, una vegada que el Ministeri ha fet \u201corelles sordes\u201d a tots els seus intents de tancar un text normatiu l\u2019objectiu del qual sigui l\u2019inter\u00e8s com\u00fa de tots els treballadors i treballadores.<\/p>\n\n\n\n<p>Segons van ressaltar, des del Ministeri de Sanitat, no sols no s\u2019ha volgut avan\u00e7ar en la negociaci\u00f3 amb els sindicats legitimats i que representen al 100 per 100 del personal estatutari del SNS, sin\u00f3 que \u201cl\u2019ha dificultat, entorpit i dilatat en mantenir i alimentar una negociaci\u00f3 paral\u00b7lela amb altres organitzacions fora de l\u2019\u00c0mbit de Negociaci\u00f3\u201d.<\/p>\n\n\n\n<p><strong>Front com\u00fa<\/strong><\/p>\n\n\n\n<p>FSS-CCOO, SATSE-FSES, UGT, CSIF i CIG-Sa\u00fade van lamentar que un Ministeri que forma part d\u2019un Govern, que s\u2019autodefineix com a progressista i fermament defensor de la sanitat p\u00fablica, hagi estat l\u2019\u00fanic que ha tingut el \u201cdubt\u00f3s honor\u201d d\u2019aconseguir un front com\u00fa sindical per a convocar una vaga general en la sanitat del nostre pa\u00eds.<\/p>\n\n\n\n<p>Els sindicats van subratllar que M\u00f3nica Garc\u00eda no ha volgut escoltar els 10.000 professionals que es van manifestar el mes d\u2019octubre passat, enfront de les portes del seu Ministeri, i, despr\u00e9s de dues reunions \u201cinfructuoses\u201d, ha paralitzat la negociaci\u00f3 amb ells, mentre s\u00ed que avancen amb altres organitzacions que defensen interessos particulars d\u2019un solo col\u00b7lectiu sanitari, comprometent l\u2019inter\u00e8s general.<\/p>\n\n\n\n<p><strong>Res m\u00e9s lluny de la realitat<\/strong><\/p>\n\n\n\n<p>Els sindicats no entenen com la ministra de Sanitat pot afirmar, en declaracions p\u00fabliques, que el text del nou Estatut Marc aquesta negociat en m\u00e9s d\u2019un 99 per cent, perqu\u00e8 no hi ha \u201cres m\u00e9s lluny de la realitat\u201d, i tampoc que segueixi argumentat que hi ha assumptes i demandes de millores la soluci\u00f3 de les quals no s\u00f3n responsabilitat seva sin\u00f3 d\u2019altres departaments ministerials.<\/p>\n\n\n\n<p>En aquest punt, van reiterar que una Llei tan important i necess\u00e0ria com l\u2019Estatut Marc requereix d\u2019una acci\u00f3 de govern coordinada, com han traslladat de manera reiterada, tant a Sanitat com a la resta de ministeris implicats (Treball, Funci\u00f3 P\u00fablica, Seguretat Social i Hisenda).<\/p>\n\n\n\n<p>\u201cEl Ministeri de Sanitat s\u2019ha inhibit en la seva obligaci\u00f3 de propiciar i promoure aquesta acci\u00f3 de govern, mentre que altres departaments s\u00ed que ho fan respecte a altres mat\u00e8ries, la qual cosa entenem que constata la seva feblesa dins d\u2019un govern de coalici\u00f3 que, quan t\u00e9 voluntat, impulsa, desenvolupa i aprova qualsevol projecte normatiu\u201d, van agregar.<\/p>\n\n\n\n<p><strong>Irrenunciables<\/strong><\/p>\n\n\n\n<p>En la roda de premsa tamb\u00e9 van aprofitar les organitzacions sindicals per a recordar els assumptes que continuen entenent \u201cirrenunciables\u201d en l\u2019Estatut Marc per a aconseguir avan\u00e7os i sobre els que el Ministeri segueix sense voler arribar a un acord. \u00c9s el cas, per exemple, de les retribucions b\u00e0siques que han d\u2019acompanyar al nou marc de classificaci\u00f3 del personal del Sistema Nacional de Salut.<\/p>\n\n\n\n<p>Els sindicats tamb\u00e9 pretenen deixar establertes les bases en la norma per a una jornada laboral digna i adequada, que concili\u00ef la vida familiar i laboral del personal, a m\u00e9s d\u2019altres aspectes relacionats amb aquesta mat\u00e8ria essencial en les relacions de treball, i que es possibiliti accedir a la jubilaci\u00f3 anticipada i parcial de manera volunt\u00e0ria.<\/p>\n\n\n\n<p><strong>Afebliment del sistema sanitari<\/strong><\/p>\n\n\n\n<p>Per a les organitzacions sindicals, el Govern continua afeblint permanentment el sistema sanitari, precaritant les condicions de treball del seu personal, i no promovent accions plausibles per a resoldre els d\u00e8ficits que es van visibilitzar durant la pand\u00e8mia de Covid.<\/p>\n\n\n\n<p>Aquesta inacci\u00f3 de l\u2019Executiu \u00e9s, per als sindicats, una irresponsabilitat que castiga pacients i professionals, i condueix al sistema sanitari cap a un cam\u00ed sense retorn. El personal de la Sanitat P\u00fablica \u00e9s el que avui est\u00e0 sostenint l\u2019assist\u00e8ncia sanit\u00e0ria a costa d\u2019un sobreesfor\u00e7 permanent que no es pot mantenir indefinidament.<\/p>\n\n\n\n<p><strong>Unitat<\/strong><\/p>\n\n\n\n<p>Totes les organitzacions de l\u2019\u00e0mbit de negociaci\u00f3 animen a les treballadores i treballadors a secundar la vaga indefinida i a sumar-se a tots els actes de protesta que es convoquin amb la finalitat de mostrar unitat enfront de la divisi\u00f3 que vol promoure la ministra i que constitueix la seva arma enfront de la for\u00e7a laboral.<\/p>\n\n\n\n<p>La roda de premsa ha comptat amb la participaci\u00f3 de Luc\u00eda Garc\u00eda, responsable de l\u2019\u00c0rea d\u2019Acci\u00f3 Sindical de la P\u00fablica i Desenvolupament Professional de la FSS-CCOO; Laura Villase\u00f1or, presidenta de SATSE; Bego\u00f1a Ballell, secret\u00e0ria estatal del Sector Salut d\u2019UGT Serveis P\u00fablics; Fernando Hontangas, president del sector nacional de Sanitat de CSIF, i Manuel Garc\u00eda Moreira, de l\u2019Executiva Nacional de CIG-Sa\u00fade.<\/p>\n\n\n\n<p>Les jornades de vaga formen part de l\u2019estrat\u00e8gia conjunta de pressi\u00f3 i mobilitzaci\u00f3 que FSS-CCOO, SATSE-FSES, UGT, CSIF i CIG-Sa\u00fade venen mantenint des de fa mesos, sota el lema \u201cUn Estatut Marc per a avan\u00e7ar\u201d.<\/p>\n","protected":false},"excerpt":{"rendered":"<p>En tots els serveis de salut, a partir del pr\u00f2xim 27 de gener Tot el personal de la sanitat p\u00fablica del nostre pa\u00eds est\u00e0 cridat a participar en la vaga &#8230; <a title=\"Vaga indefinida de tot el personal del SNS pel rebuig de Sanitat a acordar un Estatut Marc per a avan\u00e7ar\" class=\"read-more\" href=\"https:\/\/ccoo.app\/ics\/noticies\/vaga-indefinida-de-tot-el-personal-del-sns-pel-rebuig-de-sanitat-a-acordar-un-estatut-marc-per-a-avancar\/\" aria-label=\"M\u00e9s informaci\u00f3 sobre Vaga indefinida de tot el personal del SNS pel rebuig de Sanitat a acordar un Estatut Marc per a avan\u00e7ar\">Read more<\/a><\/p>\n","protected":false},"author":4386,"featured_media":35767,"comment_status":"closed","ping_status":"closed","sticky":false,"template":"","format":"standard","meta":{"footnotes":""},"categories":[13,12,1],"tags":[],"area":[],"class_list":["post-35766","post","type-post","status-publish","format-standard","has-post-thumbnail","hentry","category-accions-sindicals","category-actualitat","category-noticies","generate-columns","tablet-grid-50","mobile-grid-100","grid-parent","grid-50"],"_links":{"self":[{"href":"https:\/\/ccoo.app\/ics\/wp-json\/wp\/v2\/posts\/35766","targetHints":{"allow":["GET"]}}],"collection":[{"href":"https:\/\/ccoo.app\/ics\/wp-json\/wp\/v2\/posts"}],"about":[{"href":"https:\/\/ccoo.app\/ics\/wp-json\/wp\/v2\/types\/post"}],"author":[{"embeddable":true,"href":"https:\/\/ccoo.app\/ics\/wp-json\/wp\/v2\/users\/4386"}],"replies":[{"embeddable":true,"href":"https:\/\/ccoo.app\/ics\/wp-json\/wp\/v2\/comments?post=35766"}],"version-history":[{"count":1,"href":"https:\/\/ccoo.app\/ics\/wp-json\/wp\/v2\/posts\/35766\/revisions"}],"predecessor-version":[{"id":35768,"href":"https:\/\/ccoo.app\/ics\/wp-json\/wp\/v2\/posts\/35766\/revisions\/35768"}],"wp:featuredmedia":[{"embeddable":true,"href":"https:\/\/ccoo.app\/ics\/wp-json\/wp\/v2\/media\/35767"}],"wp:attachment":[{"href":"https:\/\/ccoo.app\/ics\/wp-json\/wp\/v2\/media?parent=35766"}],"wp:term":[{"taxonomy":"category","embeddable":true,"href":"https:\/\/ccoo.app\/ics\/wp-json\/wp\/v2\/categories?post=35766"},{"taxonomy":"post_tag","embeddable":true,"href":"https:\/\/ccoo.app\/ics\/wp-json\/wp\/v2\/tags?post=35766"},{"taxonomy":"area","embeddable":true,"href":"https:\/\/ccoo.app\/ics\/wp-json\/wp\/v2\/area?post=35766"}],"curies":[{"name":"wp","href":"https:\/\/api.w.org\/{rel}","templated":true}]}}