{"id":35763,"date":"2025-12-12T18:01:40","date_gmt":"2025-12-12T17:01:40","guid":{"rendered":"https:\/\/ccoo.app\/ics\/?p=35763"},"modified":"2025-12-16T18:03:33","modified_gmt":"2025-12-16T17:03:33","slug":"els-sindicats-denuncien-davant-pedro-sanchez-la-irresponsabilitat-del-ministeri-de-sanitat-en-la-negociacio-de-lavantprojecte-de-llei-de-lestatut-marc","status":"publish","type":"post","link":"https:\/\/ccoo.app\/ics\/noticies\/els-sindicats-denuncien-davant-pedro-sanchez-la-irresponsabilitat-del-ministeri-de-sanitat-en-la-negociacio-de-lavantprojecte-de-llei-de-lestatut-marc\/","title":{"rendered":"Els sindicats denuncien davant Pedro S\u00e1nchez la irresponsabilitat del Ministeri de Sanitat en la negociaci\u00f3 de l\u2019Avantprojecte de Llei de l\u2019Estatut Marc"},"content":{"rendered":"\n<ul class=\"wp-block-list\">\n<li>FSS-CCOO, SATSE-FSES, UGT, CSIF i CIG-Sa\u00fade traslladen per carta al president del Govern totes les raons que els han portat a convocar jornades de vaga, els dimarts de cada setmana, a partir del pr\u00f2xim 27 de gener, en tots els serveis de salut.<\/li>\n\n\n\n<li>Els sindicats recorden al responsable de l\u2019Executiu que van sol\u00b7licitar al Ministeri de Sanitat una \u201cacci\u00f3 de Govern coordinada\u201d i van escriure als diferents ministeris (Treball, Seguretat Social, Hisenda i Funci\u00f3 p\u00fablica) sol\u00b7licitant la seva intervenci\u00f3, la qual no s\u2019ha produ\u00eft, denunciant que la negociaci\u00f3 realitzada per M\u00f3nica Garc\u00eda, al llarg dels \u00faltims tres anys, no ha estat \u201cen absolut satisfact\u00f2ria\u201d.<\/li>\n<\/ul>\n\n\n\n<p>Les organitzacions sindicals amb representaci\u00f3 en l\u2019\u00c0mbit de Negociaci\u00f3 (FSS-CCOO, SATSE-FSES, UGT, CSIF i CIG-Sa\u00fade) s\u2019han dirigit al president del Govern, Pedro S\u00e1nchez, per a informar-lo que la seva decisi\u00f3 de convocar una vaga indefinida en el Sistema Nacional de Salut es deu al clar desinter\u00e8s del Ministeri de Sanitat per arribar a un acord que benefici\u00ef al conjunt del personal del SNS.<\/p>\n\n\n\n<p>En l\u2019escrit, que ha estat registrat ja en el Congr\u00e9s dels Diputats i davant el mateix Palacio de La Moncloa, els sindicats detallen a Pedro S\u00e1nchez les raons que els han portat a convocar tots els dimarts jornades de vaga dels treballadors i les treballadores de la sanitat p\u00fablica a partir del 27 de gener.<\/p>\n\n\n\n<p>FSS-CCOO, SATSE-FSES, UGT, CSIF i CIG-Sa\u00fade, organitzacions totes elles leg\u00edtimament presents en l\u2019\u00c0mbit de Negociaci\u00f3, i que representen a gaireb\u00e9 un mili\u00f3 de treballadors del SNS, reiteren que, \u201ctant en les formes com en el fons\u201d, la negociaci\u00f3 realitzada pel Ministeri que dirigeix M\u00f3nica Garc\u00eda no ha estat \u201cen absolut satisfact\u00f2ria\u201d al llarg dels \u00faltims tres anys.<\/p>\n\n\n\n<p><strong>Sense resposta<\/strong><\/p>\n\n\n\n<p>Les organitzacions sindicals recorden al responsable de l\u2019Executiu que van sol\u00b7licitar al Ministeri de Sanitat una \u201cacci\u00f3 de Govern coordinada\u201d i que altres departaments ministerials intervinguessin tamb\u00e9 en la negociaci\u00f3 de determinats aspectes del nou Estatut Marc, ja que hi ha q\u00fcestions essencials que haurien de comptar amb la seva participaci\u00f3.<\/p>\n\n\n\n<p>Per a aix\u00f2, es van dirigir sengles cartes al Ministeri de Treball, Ministeri per a la Transformaci\u00f3 Digital i Funci\u00f3 P\u00fablica, Ministeri d\u2019Inclusi\u00f3, Seguretat Social i Migracions i Ministeri d\u2019Hisenda sol\u00b7licitant la intervenci\u00f3 d\u2019aquests ministeris, per\u00f2 \u201ccap d\u2019elles ha obtingut cap resposta\u201d, lamenten, la qual cosa, segons les organitzacions sindicals de l\u2019\u00c0mbit de Negociaci\u00f3, podria evidenciar que el problema va m\u00e9s enll\u00e0 del propi Ministeri de Sanitat afectant el conjunt del Govern, ra\u00f3 per la qual apel\u00b7len directament al president, Pedro S\u00e1nchez.<\/p>\n\n\n\n<p>A m\u00e9s, resulta cridaner que, a trav\u00e9s de declaracions en els mitjans, la ministra manifesti que est\u00e0 conven\u00e7uda que el text de l\u2019Estatut est\u00e0 \u201cnegociat en m\u00e9s d\u2019un 99 per cent\u201d, una cosa sobre la qual els sindicats de l\u2019\u00c0mbit insisteixen que no \u00e9s cert, ja que continuen quedant pendents assumptes molt importants que concerneixen a les condicions de treball del conjunt del personal del SNS, despr\u00e9s d\u2019anys de retallades, precarietat i sobrec\u00e0rrega de treball, i que haurien de quedar reflectides en el nou Estatut Marc.<\/p>\n\n\n\n<p>D\u2019altra banda, insisteixen que, en l\u2019\u00faltim esborrany rebut, versi\u00f3 4\/12\/2025, el Ministeri falta a la veritat, ja que no inclou, com afirma, tots els canvis i millores negociats amb els sindicats de la Mesa de l\u2019\u00c0mbit, pretenent traslladar una visi\u00f3 de la negociaci\u00f3 que no s\u2019ajusta a la realitat.<\/p>\n\n\n\n<p><strong>Demandes<\/strong><\/p>\n\n\n\n<p>Entre altres, en la carta al president del Govern es destaca la necessitat que el nou model de classificaci\u00f3 professional proposat, tamb\u00e9 comporti la definici\u00f3 de les noves retribucions b\u00e0siques vinculades a cada grup de classificaci\u00f3; l\u2019acc\u00e9s a la jubilaci\u00f3 anticipada i parcial i l\u2019acc\u00e9s a una jornada laboral en totes les modalitats, que possibiliti una millor conciliaci\u00f3 de la vida familiar i laboral, aix\u00ed com els seus descansos reglamentaris, i homogenitzi la jornada de 35 hores setmanals en tots els serveis de salut. Assumptes tots ells sobre els quals el Ministeri ha realitzat propostes \u201ctotalment inassumibles\u201d, afegeixen.<\/p>\n\n\n\n<p>\u201cVolem un Sistema Nacional de Salut m\u00e9s s\u00f2lid, preparat i que proporcioni una millor atenci\u00f3 als nostres ciutadans\u201d, reiteren les organitzacions sindicals, les quals insisteixen que aix\u00f2 no ser\u00e0 possible amb la norma que defensa el Ministeri de Sanitat i que ha portat, per primera vegada, a convocar de manera conjunta una vaga indefinida en tot l\u2019SNS, posant d\u2019acord en la seva convocat\u00f2ria a totes les organitzacions sindicals que defensen al 100% dels treballadors.<\/p>\n\n\n\n<p>Tamb\u00e9 recorden a Pedro S\u00e1nchez que la forma de conducta del departament de M\u00f3nica Garc\u00eda va motivar que convoquessin una multitudin\u00e0ria manifestaci\u00f3, el passat 1 d\u2019octubre, que va congregar al voltant de 10.000 treballadores i treballadors. Malgrat aix\u00f2, el Ministeri ha tornat a paralitzar durant tot un mes la negociaci\u00f3 amb els sindicats veritablement legitimats per a aix\u00f2.<\/p>\n\n\n\n<p>Finalment, els sindicats de l\u2019\u00c0mbit de Negociaci\u00f3 manifesten que la nova versi\u00f3 de l\u2019Avantprojecte de Llei de l\u2019Estatut Marxa estat difosa obertament pel propi Ministeri alhora que ho feia arribar als sindicats legitimats, la qual cosa, si m\u00e9s no, posa de manifest el canvi de criteri del Ministeri de Sanitat, el qual anteriorment va criticar durament la filtraci\u00f3 d\u2019un anterior esborrany de l\u2019Estatut, i ara, no obstant aix\u00f2, pret\u00e9n estar fent un exercici de transpar\u00e8ncia en difondre\u2019l.<\/p>\n","protected":false},"excerpt":{"rendered":"<p>Les organitzacions sindicals amb representaci\u00f3 en l\u2019\u00c0mbit de Negociaci\u00f3 (FSS-CCOO, SATSE-FSES, UGT, CSIF i CIG-Sa\u00fade) s\u2019han dirigit al president del Govern, Pedro S\u00e1nchez, per a informar-lo que la seva decisi\u00f3 &#8230; <a title=\"Els sindicats denuncien davant Pedro S\u00e1nchez la irresponsabilitat del Ministeri de Sanitat en la negociaci\u00f3 de l\u2019Avantprojecte de Llei de l\u2019Estatut Marc\" class=\"read-more\" href=\"https:\/\/ccoo.app\/ics\/noticies\/els-sindicats-denuncien-davant-pedro-sanchez-la-irresponsabilitat-del-ministeri-de-sanitat-en-la-negociacio-de-lavantprojecte-de-llei-de-lestatut-marc\/\" aria-label=\"M\u00e9s informaci\u00f3 sobre Els sindicats denuncien davant Pedro S\u00e1nchez la irresponsabilitat del Ministeri de Sanitat en la negociaci\u00f3 de l\u2019Avantprojecte de Llei de l\u2019Estatut Marc\">Read more<\/a><\/p>\n","protected":false},"author":4386,"featured_media":35764,"comment_status":"closed","ping_status":"closed","sticky":false,"template":"","format":"standard","meta":{"footnotes":""},"categories":[12,1],"tags":[],"area":[],"class_list":["post-35763","post","type-post","status-publish","format-standard","has-post-thumbnail","hentry","category-actualitat","category-noticies","generate-columns","tablet-grid-50","mobile-grid-100","grid-parent","grid-50"],"_links":{"self":[{"href":"https:\/\/ccoo.app\/ics\/wp-json\/wp\/v2\/posts\/35763","targetHints":{"allow":["GET"]}}],"collection":[{"href":"https:\/\/ccoo.app\/ics\/wp-json\/wp\/v2\/posts"}],"about":[{"href":"https:\/\/ccoo.app\/ics\/wp-json\/wp\/v2\/types\/post"}],"author":[{"embeddable":true,"href":"https:\/\/ccoo.app\/ics\/wp-json\/wp\/v2\/users\/4386"}],"replies":[{"embeddable":true,"href":"https:\/\/ccoo.app\/ics\/wp-json\/wp\/v2\/comments?post=35763"}],"version-history":[{"count":1,"href":"https:\/\/ccoo.app\/ics\/wp-json\/wp\/v2\/posts\/35763\/revisions"}],"predecessor-version":[{"id":35765,"href":"https:\/\/ccoo.app\/ics\/wp-json\/wp\/v2\/posts\/35763\/revisions\/35765"}],"wp:featuredmedia":[{"embeddable":true,"href":"https:\/\/ccoo.app\/ics\/wp-json\/wp\/v2\/media\/35764"}],"wp:attachment":[{"href":"https:\/\/ccoo.app\/ics\/wp-json\/wp\/v2\/media?parent=35763"}],"wp:term":[{"taxonomy":"category","embeddable":true,"href":"https:\/\/ccoo.app\/ics\/wp-json\/wp\/v2\/categories?post=35763"},{"taxonomy":"post_tag","embeddable":true,"href":"https:\/\/ccoo.app\/ics\/wp-json\/wp\/v2\/tags?post=35763"},{"taxonomy":"area","embeddable":true,"href":"https:\/\/ccoo.app\/ics\/wp-json\/wp\/v2\/area?post=35763"}],"curies":[{"name":"wp","href":"https:\/\/api.w.org\/{rel}","templated":true}]}}