{"id":35755,"date":"2025-12-15T20:49:00","date_gmt":"2025-12-15T19:49:00","guid":{"rendered":"https:\/\/ccoo.app\/ics\/?p=35755"},"modified":"2025-12-16T17:51:49","modified_gmt":"2025-12-16T16:51:49","slug":"els-sindicats-constaten-avancos-molt-importants-en-la-negociacio-amb-el-ministeri-de-sanitat-sobre-lestatut-marc-del-personal-estatutari","status":"publish","type":"post","link":"https:\/\/ccoo.app\/ics\/noticies\/els-sindicats-constaten-avancos-molt-importants-en-la-negociacio-amb-el-ministeri-de-sanitat-sobre-lestatut-marc-del-personal-estatutari\/","title":{"rendered":"Els sindicats constaten avan\u00e7os \u201cmolt importants\u201d en la negociaci\u00f3 amb el Ministeri de Sanitat sobre l\u2019Estatut Marc del personal estatutari"},"content":{"rendered":"\n<ul class=\"wp-block-list\">\n<li>FSS-CCOO, SATSE-FSES, UGT, CSIF i CIG-Sa\u00fade han acordat deixar \u201cen suspens\u201d la convocat\u00f2ria de les jornades de vaga anunciades per a el mes vinent de gener fins a comprovar si els compromisos adquirits pel Ministeri de Sanitat es plasmen en un nou text de l\u2019Estatut Marc.<\/li>\n\n\n\n<li>Els sindicats reiteren que els avan\u00e7os acordats en assumptes essencials, com la jornada laboral, les jubilacions parcial i anticipada o el nou model de classificaci\u00f3 professional amb el reconeixement retributiu corresponent, han estat fruit del treball realitzat en el marc de l\u2019\u00c0mbit de Negociaci\u00f3, i no en altres f\u00f2rums paral\u00b7lels no legitimats<\/li>\n<\/ul>\n\n\n\n<p>Les organitzacions sindicals amb representaci\u00f3 en l\u2019\u00c0mbit de Negociaci\u00f3 (FSS-CCOO, SATSE-FSES, UGT, CSIF i CIG-Sa\u00fade) han constatat avui, en una nova reuni\u00f3 de l\u2019\u00c0mbit de Negociaci\u00f3, avan\u00e7os \u201cmolt importants\u201d per part del Ministeri de Sanitat en la negociaci\u00f3 d\u2019assumptes essencials que ha de contemplar l\u2019Estatut Marc del personal estatutari dels serveis de salut.<\/p>\n\n\n\n<p>En una trobada mantinguda al llarg de sis hores, i amb la pres\u00e8ncia de la ministra de Sanitat, M\u00f3nica Garc\u00eda, s\u2019ha acordat enviar als sindicats un document amb els compromisos adquirits per part del Ministeri, que seran analitzats amb detall pel conjunt d\u2019organitzacions per a constatar si es compleix l\u2019abordat en la reuni\u00f3.<\/p>\n\n\n\n<p><strong>\u201cEn suspens\u201d<\/strong><\/p>\n\n\n\n<p>Per aix\u00f2, i fins a adoptar una decisi\u00f3 definitiva, les organitzacions sindicals han acordat deixar \u201cen suspens\u201d la convocat\u00f2ria de les jornades de vaga anunciades per a el mes vinent de gener. Sobre aquest tema, recalquen que esperaran a comprovar si els avan\u00e7os acordats avui es plasmen en un nou document per a decidir si finalment es mant\u00e9 o no la vaga.<\/p>\n\n\n\n<p>FSS-CCOO, SATSE-FSES, UGT, CSIF i CIG-Sa\u00fade ha reiterat que els avan\u00e7os acordats en assumptes essencials, com la jornada laboral, les jubilacions parcial i anticipada o el nou model de classificaci\u00f3 professional amb el reconeixement retributiu corresponent, han estat fruit del treball realitzat en el marc de l\u2019\u00c0mbit de Negociaci\u00f3, i no en altres f\u00f2rums paral\u00b7lels no legitimats per a acordar les condicions de treball del personal del SNS.<\/p>\n\n\n\n<p><strong>Altres millores<\/strong><\/p>\n\n\n\n<p>Tamb\u00e9 en la reuni\u00f3 s\u2019ha tornat a reprendre la inclusi\u00f3 de millores que s\u00ed que apareixien reflectides en esborranys anteriors de la norma a petici\u00f3 i proposta dels sindicats per\u00f2 que, posteriorment, havien estat eliminades, aix\u00ed com altres demandes que fins al moment no havien estat valorades positivament. La inclusi\u00f3 d\u2019aquestes q\u00fcestions, segons els sindicats millorar\u00e0 l\u2019avantprojecte de llei at\u00e8s que es refereixen a q\u00fcestions que avancen en la regulaci\u00f3 general de les condicions de treball establint un marc m\u00e9s homogeni d\u2019aquestes.<\/p>\n\n\n\n<p>Els sindicats en finalitzar la reuni\u00f3 han manifestat la seva moderada satisfacci\u00f3 pel resultat de la mateixa i pel canvi d\u2019actitud mostrat pels representants del Ministeri de Sanitat, particularment per la disposici\u00f3 de la ministra de Sanitat per a facilitar la consecuci\u00f3 d\u2019acords concrets en la l\u00ednia de les q\u00fcestions irrenunciables que les organitzacions sindicals venen plantejant. A l\u2019espera de constatar que tots els avan\u00e7os compromesos pel Ministeri de Sanitat es plasmen en una nova versi\u00f3 de l\u2019Estatut Marc ajustada a les q\u00fcestions acordades en el mat\u00ed d\u2019avui els sindicats han manifestat que aquesta negociaci\u00f3 que ja dura gaireb\u00e9 tres anys no est\u00e0 sent gens f\u00e0cil donada la complexitat que suposa negociar la millora de les condicions de treball del conjunt del personal estatutari del SNS.<\/p>\n","protected":false},"excerpt":{"rendered":"<p>Les organitzacions sindicals amb representaci\u00f3 en l\u2019\u00c0mbit de Negociaci\u00f3 (FSS-CCOO, SATSE-FSES, UGT, CSIF i CIG-Sa\u00fade) han constatat avui, en una nova reuni\u00f3 de l\u2019\u00c0mbit de Negociaci\u00f3, avan\u00e7os \u201cmolt importants\u201d per &#8230; <a title=\"Els sindicats constaten avan\u00e7os \u201cmolt importants\u201d en la negociaci\u00f3 amb el Ministeri de Sanitat sobre l\u2019Estatut Marc del personal estatutari\" class=\"read-more\" href=\"https:\/\/ccoo.app\/ics\/noticies\/els-sindicats-constaten-avancos-molt-importants-en-la-negociacio-amb-el-ministeri-de-sanitat-sobre-lestatut-marc-del-personal-estatutari\/\" aria-label=\"M\u00e9s informaci\u00f3 sobre Els sindicats constaten avan\u00e7os \u201cmolt importants\u201d en la negociaci\u00f3 amb el Ministeri de Sanitat sobre l\u2019Estatut Marc del personal estatutari\">Read more<\/a><\/p>\n","protected":false},"author":4386,"featured_media":35756,"comment_status":"closed","ping_status":"closed","sticky":false,"template":"","format":"standard","meta":{"footnotes":""},"categories":[12,1],"tags":[],"area":[],"class_list":["post-35755","post","type-post","status-publish","format-standard","has-post-thumbnail","hentry","category-actualitat","category-noticies","generate-columns","tablet-grid-50","mobile-grid-100","grid-parent","grid-50"],"_links":{"self":[{"href":"https:\/\/ccoo.app\/ics\/wp-json\/wp\/v2\/posts\/35755","targetHints":{"allow":["GET"]}}],"collection":[{"href":"https:\/\/ccoo.app\/ics\/wp-json\/wp\/v2\/posts"}],"about":[{"href":"https:\/\/ccoo.app\/ics\/wp-json\/wp\/v2\/types\/post"}],"author":[{"embeddable":true,"href":"https:\/\/ccoo.app\/ics\/wp-json\/wp\/v2\/users\/4386"}],"replies":[{"embeddable":true,"href":"https:\/\/ccoo.app\/ics\/wp-json\/wp\/v2\/comments?post=35755"}],"version-history":[{"count":1,"href":"https:\/\/ccoo.app\/ics\/wp-json\/wp\/v2\/posts\/35755\/revisions"}],"predecessor-version":[{"id":35757,"href":"https:\/\/ccoo.app\/ics\/wp-json\/wp\/v2\/posts\/35755\/revisions\/35757"}],"wp:featuredmedia":[{"embeddable":true,"href":"https:\/\/ccoo.app\/ics\/wp-json\/wp\/v2\/media\/35756"}],"wp:attachment":[{"href":"https:\/\/ccoo.app\/ics\/wp-json\/wp\/v2\/media?parent=35755"}],"wp:term":[{"taxonomy":"category","embeddable":true,"href":"https:\/\/ccoo.app\/ics\/wp-json\/wp\/v2\/categories?post=35755"},{"taxonomy":"post_tag","embeddable":true,"href":"https:\/\/ccoo.app\/ics\/wp-json\/wp\/v2\/tags?post=35755"},{"taxonomy":"area","embeddable":true,"href":"https:\/\/ccoo.app\/ics\/wp-json\/wp\/v2\/area?post=35755"}],"curies":[{"name":"wp","href":"https:\/\/api.w.org\/{rel}","templated":true}]}}