{"id":34572,"date":"2025-11-21T10:38:26","date_gmt":"2025-11-21T09:38:26","guid":{"rendered":"https:\/\/ccoo.app\/ics\/?p=34572"},"modified":"2025-11-25T10:44:26","modified_gmt":"2025-11-25T09:44:26","slug":"25-n-del-2025-dia-contra-les-violencies-masclistes","status":"publish","type":"post","link":"https:\/\/ccoo.app\/ics\/noticies\/25-n-del-2025-dia-contra-les-violencies-masclistes\/","title":{"rendered":"25-N del 2025, dia contra les viol\u00e8ncies masclistes"},"content":{"rendered":"\n<p>Un cop m\u00e9s celebrem el 25-N,&nbsp;Dia Internacional per a l\u2019Eliminaci\u00f3 de la Viol\u00e8ncia envers les Dones.<\/p>\n\n\n\n<p>Aquest 25 de novembre, Dia Internacional per a l\u2019Eliminaci\u00f3 de les Viol\u00e8ncies envers les Dones, des de la Comissi\u00f3 Obrera Nacional de Catalunya posem el focus en una de les expressions m\u00e9s cruels de la viol\u00e8ncia masclista: la viol\u00e8ncia vic\u00e0ria, aquella que busca fer mal a les dones a trav\u00e9s dels seus fills i filles, un mal que persisteix fins i tot despr\u00e9s de morts els assassins. Una viol\u00e8ncia que utilitza la maternitat com una arma per castigar, per controlar i per perpetuar el poder masclista.<\/p>\n\n\n\n<p>\u00c9s una viol\u00e8ncia que no nom\u00e9s assassina, sin\u00f3 que deixa cicatrius profundes i vides truncades per sempre.&nbsp;<\/p>\n\n\n\n<p>La nostra resposta ha de ser clara: protegir la vida de les dones i de les criatures \u00e9s una urg\u00e8ncia democr\u00e0tica, social i tamb\u00e9 sindical.<\/p>\n\n\n\n<p>L\u2019acte tindr\u00e0 lloc el dimarts 25 de novembre, de 9.30 a 14 h, a la sala d\u2019actes de CCOO de Catalunya.&nbsp;&nbsp;<\/p>\n\n\n\n<p><strong>Manifestaci\u00f3 a la tarda:<\/strong>&nbsp;18.30 h a la pla\u00e7a Universitat, de Barcelona (punt de trobada 18.00 h cantonada amb el carrer d\u2019Aribau). Apunta\u2019t en aquest formulari!<\/p>\n\n\n\n<p><a href=\"https:\/\/docs.google.com\/forms\/d\/1NKhuR68yGPSzrp5EA_I58NRKOj2roxkg2bMqL-xFVhQ\/edit\" target=\"_blank\" rel=\"noreferrer noopener\">Formulari 25-N de 2025 \u2013 Formularis de Google<\/a><\/p>\n\n\n\n<figure class=\"wp-block-image\"><img decoding=\"async\" src=\"https:\/\/www.ccoo.cat\/wp-content\/uploads\/2025\/11\/cartell-724x1024.png\" alt=\"Cartell\" class=\"wp-image-354047\" \/><\/figure>\n\n\n\n<figure class=\"wp-block-image\"><img decoding=\"async\" src=\"https:\/\/www.ccoo.cat\/wp-content\/uploads\/2025\/11\/programa-724x1024.png\" alt=\"Programa\" class=\"wp-image-354048\" \/><\/figure>\n\n\n\n<div data-wp-interactive=\"core\/file\" class=\"wp-block-file\"><object data-wp-bind--hidden=\"!state.hasPdfPreview\" hidden class=\"wp-block-file__embed\" data=\"https:\/\/ccoo.app\/ics\/wp-content\/blogs.dir\/6\/files\/sites\/200\/2025\/11\/manifest-ccoocat-25n2025.pdf\" type=\"application\/pdf\" style=\"width:100%;height:600px\" aria-label=\"Incrustaci\u00f3 del fitxer manifest-ccoocat-25n2025.\"><\/object><a id=\"wp-block-file--media-ad59b771-8054-4534-8f43-b5d90112e5db\" href=\"https:\/\/ccoo.app\/ics\/wp-content\/blogs.dir\/6\/files\/sites\/200\/2025\/11\/manifest-ccoocat-25n2025.pdf\">manifest-ccoocat-25n2025<\/a><a href=\"https:\/\/ccoo.app\/ics\/wp-content\/blogs.dir\/6\/files\/sites\/200\/2025\/11\/manifest-ccoocat-25n2025.pdf\" class=\"wp-block-file__button wp-element-button\" download aria-describedby=\"wp-block-file--media-ad59b771-8054-4534-8f43-b5d90112e5db\">Baixa<\/a><\/div>\n\n\n\n<div data-wp-interactive=\"core\/file\" class=\"wp-block-file\"><object data-wp-bind--hidden=\"!state.hasPdfPreview\" hidden class=\"wp-block-file__embed\" data=\"https:\/\/ccoo.app\/ics\/wp-content\/blogs.dir\/6\/files\/sites\/200\/2025\/11\/ugt-cat_ccoo_manifest_25n_2025_web.pdf\" type=\"application\/pdf\" style=\"width:100%;height:830px\" aria-label=\"Incrustaci\u00f3 del fitxer ugt-cat_ccoo_manifest_25n_2025_web.\"><\/object><a id=\"wp-block-file--media-77532ceb-f249-44c2-b959-8cea7e217f44\" href=\"https:\/\/ccoo.app\/ics\/wp-content\/blogs.dir\/6\/files\/sites\/200\/2025\/11\/ugt-cat_ccoo_manifest_25n_2025_web.pdf\">ugt-cat_ccoo_manifest_25n_2025_web<\/a><a href=\"https:\/\/ccoo.app\/ics\/wp-content\/blogs.dir\/6\/files\/sites\/200\/2025\/11\/ugt-cat_ccoo_manifest_25n_2025_web.pdf\" class=\"wp-block-file__button wp-element-button\" download aria-describedby=\"wp-block-file--media-77532ceb-f249-44c2-b959-8cea7e217f44\">Baixa<\/a><\/div>\n\n\n\n<div data-wp-interactive=\"core\/file\" class=\"wp-block-file\"><object data-wp-bind--hidden=\"!state.hasPdfPreview\" hidden class=\"wp-block-file__embed\" data=\"https:\/\/ccoo.app\/ics\/wp-content\/blogs.dir\/6\/files\/sites\/200\/2025\/11\/treballadora-67.pdf\" type=\"application\/pdf\" style=\"width:100%;height:600px\" aria-label=\"Incrustaci\u00f3 del fitxer treballadora-67.\"><\/object><a id=\"wp-block-file--media-c2c0d45d-151c-45e7-aa7e-001e38e2e99d\" href=\"https:\/\/ccoo.app\/ics\/wp-content\/blogs.dir\/6\/files\/sites\/200\/2025\/11\/treballadora-67.pdf\">treballadora-67<\/a><a href=\"https:\/\/ccoo.app\/ics\/wp-content\/blogs.dir\/6\/files\/sites\/200\/2025\/11\/treballadora-67.pdf\" class=\"wp-block-file__button wp-element-button\" download aria-describedby=\"wp-block-file--media-c2c0d45d-151c-45e7-aa7e-001e38e2e99d\">Baixa<\/a><\/div>\n\n\n\n<p><strong>ACTES<\/strong><\/p>\n\n\n\n<figure class=\"wp-block-table\"><table class=\"has-fixed-layout\"><thead><tr><th>Ciutat<\/th><th>Data<\/th><th>Acte<\/th><th>Adre\u00e7a<\/th><\/tr><\/thead><tbody><tr><td><strong>Badalona i Santa Coloma<\/strong><\/td><td>25\/11\/25<\/td><td>CCOO Barcelon\u00e8s Nord contra les viol\u00e8ncies masclistes<\/td><td>Pla\u00e7a de la Vila (Badalona) i pla\u00e7a de la Vila (Santa Coloma)<\/td><\/tr><tr><td><strong>Barcelona<\/strong><\/td><td>20\/11\/25<\/td><td>La intervenci\u00f3n sindical ante la violencia machista en los centros de trabajo<\/td><td>\u2014<\/td><\/tr><tr><td><strong>Barcelona<\/strong><\/td><td>24\/11\/25<\/td><td>Mon\u00f2leg (primera part): La viol\u00e8ncia en la literatura<\/td><td>Via Laietana, 16<\/td><\/tr><tr><td><strong>Barcelona<\/strong><\/td><td>25\/11\/25<\/td><td>Acte central: Del dolor a l\u2019acci\u00f3: combatre la viol\u00e8ncia vic\u00e0ria i masclista<\/td><td>Via Laietana, 16<\/td><\/tr><tr><td><strong>Barcelona<\/strong><\/td><td>Setmana 25-N<\/td><td>Gravaci\u00f3 del p\u00f2dcast \u201cAula oberta\u201d amb J\u00falia Mas<\/td><td>Via Laietana, 16<\/td><\/tr><tr><td><strong>Cornell\u00e0<\/strong><\/td><td>21\/11\/25<\/td><td>Jornada \u201cTus derechos ante la violencia machista. Breve recorrido hist\u00f3rico\u201d<\/td><td>Ctra. d\u2019Esplugues, 68<\/td><\/tr><tr><td><strong>Cornell\u00e0<\/strong><\/td><td>24\/11\/25<\/td><td>Acte de les flors a les v\u00edctimes de la viol\u00e8ncia vic\u00e0ria i dels feminicidis<\/td><td>Porta de la seu, Ctra. d\u2019Esplugues, 68<\/td><\/tr><tr><td><strong>Cornell\u00e0<\/strong><\/td><td>28\/11\/25<\/td><td>Teatre \u201cDones lliures. Les preses pol\u00edtiques i la generaci\u00f3 del TOP\u201d<\/td><td>Sala d\u2019actes de CCOO, Ctra. d\u2019Esplugues, 68<\/td><\/tr><tr><td><strong>Girona<\/strong><\/td><td>25\/11\/25<\/td><td>Protegir la inf\u00e0ncia tamb\u00e9 \u00e9s protegir a les mares<\/td><td>Miquel Blay, 1, 5a planta<\/td><\/tr><tr><td><strong>Granollers<\/strong><\/td><td>24\/11\/25<\/td><td>Viol\u00e8ncia masclista digital: Nous reptes, mateixes arrels<\/td><td>Can Jonch (C. del Rec, 19)<\/td><\/tr><tr><td><strong>L\u2019Hospitalet de Llobregat<\/strong><\/td><td>25\/11\/25<\/td><td>Aixeca la teva veu, Ni una m\u00e9s. Mem\u00f2ries de la Viol\u00e8ncia Masclista<\/td><td>Av. Amadeu Torner, 41<\/td><\/tr><tr><td><strong>Lleida<\/strong><\/td><td>25\/11\/25<\/td><td>Jornada sindical \u201cLa viol\u00e8ncia vic\u00e0ria en els protocols de viol\u00e8ncia de g\u00e8nere a les empreses\u201d<\/td><td>Enric Granados, 3-5<\/td><\/tr><tr><td><strong>Lleida<\/strong><\/td><td>25\/11\/25<\/td><td>Lectura del manifest 25-N<\/td><td>Pla\u00e7a de Ricard Vi\u00f1es<\/td><\/tr><tr><td><strong>Tarragona<\/strong><\/td><td>25\/11\/25<\/td><td>Taller-xerrada sobre viol\u00e8ncia vic\u00e0ria: \u201cLa m\u00e9s cruel de les viol\u00e8ncies masclistes\u201d<\/td><td>Seu de CCOO, Carrer August, 48<\/td><\/tr><tr><td><strong>Tarragona<\/strong><\/td><td>25\/11\/25<\/td><td>Lectura del manifest 25-N<\/td><td>Pla\u00e7a de la Dona Treballadora<\/td><\/tr><\/tbody><\/table><\/figure>\n\n\n\n<p><\/p>\n","protected":false},"excerpt":{"rendered":"<p>Un cop m\u00e9s celebrem el 25-N,&nbsp;Dia Internacional per a l\u2019Eliminaci\u00f3 de la Viol\u00e8ncia envers les Dones. Aquest 25 de novembre, Dia Internacional per a l\u2019Eliminaci\u00f3 de les Viol\u00e8ncies envers les &#8230; <a title=\"25-N del 2025, dia contra les viol\u00e8ncies masclistes\" class=\"read-more\" href=\"https:\/\/ccoo.app\/ics\/noticies\/25-n-del-2025-dia-contra-les-violencies-masclistes\/\" aria-label=\"M\u00e9s informaci\u00f3 sobre 25-N del 2025, dia contra les viol\u00e8ncies masclistes\">Read more<\/a><\/p>\n","protected":false},"author":4386,"featured_media":34576,"comment_status":"closed","ping_status":"closed","sticky":false,"template":"","format":"standard","meta":{"footnotes":""},"categories":[13,9,1],"tags":[],"area":[],"class_list":["post-34572","post","type-post","status-publish","format-standard","has-post-thumbnail","hentry","category-accions-sindicals","category-igualtat","category-noticies","generate-columns","tablet-grid-50","mobile-grid-100","grid-parent","grid-50"],"_links":{"self":[{"href":"https:\/\/ccoo.app\/ics\/wp-json\/wp\/v2\/posts\/34572","targetHints":{"allow":["GET"]}}],"collection":[{"href":"https:\/\/ccoo.app\/ics\/wp-json\/wp\/v2\/posts"}],"about":[{"href":"https:\/\/ccoo.app\/ics\/wp-json\/wp\/v2\/types\/post"}],"author":[{"embeddable":true,"href":"https:\/\/ccoo.app\/ics\/wp-json\/wp\/v2\/users\/4386"}],"replies":[{"embeddable":true,"href":"https:\/\/ccoo.app\/ics\/wp-json\/wp\/v2\/comments?post=34572"}],"version-history":[{"count":1,"href":"https:\/\/ccoo.app\/ics\/wp-json\/wp\/v2\/posts\/34572\/revisions"}],"predecessor-version":[{"id":34577,"href":"https:\/\/ccoo.app\/ics\/wp-json\/wp\/v2\/posts\/34572\/revisions\/34577"}],"wp:featuredmedia":[{"embeddable":true,"href":"https:\/\/ccoo.app\/ics\/wp-json\/wp\/v2\/media\/34576"}],"wp:attachment":[{"href":"https:\/\/ccoo.app\/ics\/wp-json\/wp\/v2\/media?parent=34572"}],"wp:term":[{"taxonomy":"category","embeddable":true,"href":"https:\/\/ccoo.app\/ics\/wp-json\/wp\/v2\/categories?post=34572"},{"taxonomy":"post_tag","embeddable":true,"href":"https:\/\/ccoo.app\/ics\/wp-json\/wp\/v2\/tags?post=34572"},{"taxonomy":"area","embeddable":true,"href":"https:\/\/ccoo.app\/ics\/wp-json\/wp\/v2\/area?post=34572"}],"curies":[{"name":"wp","href":"https:\/\/api.w.org\/{rel}","templated":true}]}}