{"id":34566,"date":"2025-11-07T18:01:08","date_gmt":"2025-11-07T17:01:08","guid":{"rendered":"https:\/\/ccoo.app\/ics\/?p=34566"},"modified":"2025-11-19T18:03:33","modified_gmt":"2025-11-19T17:03:33","slug":"jornada-laboral-i-jubilacio-centren-una-nova-reunio-entre-els-sindicats-i-sanitat-per-a-millorar-lestatut-marc","status":"publish","type":"post","link":"https:\/\/ccoo.app\/ics\/noticies\/jornada-laboral-i-jubilacio-centren-una-nova-reunio-entre-els-sindicats-i-sanitat-per-a-millorar-lestatut-marc\/","title":{"rendered":"Jornada laboral i jubilaci\u00f3 centren una nova reuni\u00f3 entre els sindicats i Sanitat per a millorar l\u2019Estatut Marc"},"content":{"rendered":"\n<h3 class=\"wp-block-heading\">Les organitzacions sindicals han insistit en la necessitat que es generalitzi la jornada de 35 hores setmanals, alguna cosa que encara no passa en cinc serveis de salut, i veuen com un avan\u00e7 la proposta del Ministeri de Sanitat d\u2019incloure en l\u2019Estatut Marc el \u201csolapament de jornada\u201d.<br>FSS-CCOO, SATSE-FSES, UGT, CSIF i CIG-Sa\u00fade reclamen poder participar en l\u2019elaboraci\u00f3 dels informes que ha d\u2019iniciar Sanitat per a aconseguir la jubilaci\u00f3 anticipada volunt\u00e0ria per al personal de la sanitat p\u00fablica<\/h3>\n\n\n\n<p>Les organitzacions sindicals amb representaci\u00f3 en l\u2019\u00c0mbit de Negociaci\u00f3 (FSS-CCOO, SATSE-FSES, UGT, CSIF i CIG-Sa\u00fade) han traslladat avui al Ministeri de Sanitat les seves propostes per a millorar l\u2019Estatut Marc del personal estatutari dels serveis de salut en assumptes essencials, com la jornada de treball i l\u2019acc\u00e9s a la jubilaci\u00f3 parcial i anticipada.<\/p>\n\n\n\n<p>En una nova reuni\u00f3 de l\u2019\u00c0mbit de Negociaci\u00f3, sindicats i Ministeri han continuat treballant en la cerca de punts d\u2019acord que permetin consensuar una norma que millori les condicions de treball del personal de la sanitat p\u00fablica.<\/p>\n\n\n\n<p>Pel que fa la jornada de treball, les organitzacions sindicals han insistit en la necessitat que es generalitzi la jornada de 35 hores setmanals, alguna cosa que encara no ocorre en cinc serveis de salut. Han recordat, sobre aquest tema, que es tracta d\u2019un dret laboral que es va retallar en 2012 a conseq\u00fc\u00e8ncia de la crisi econ\u00f2mica d\u2019aquells moments i que encara no s\u2019ha recuperat en tot l\u2019Estat.<\/p>\n\n\n\n<p><strong>Solapament de jornada<\/strong><\/p>\n\n\n\n<p>Des del Ministeri s\u2019ha proposat incorporar en el nou redactat de la norma el \u2018solapament de jornada, alguna cosa que s\u2019ha valorat positivament per part dels sindicats, encara que aquests han fet algunes matisacions a fi de que les administracions que encara no ho han implantat en el seu servei de salut, un total de set, el facin al m\u00e9s aviat possible.<\/p>\n\n\n\n<p>Un altre aspecte abordat \u00e9s la proposta de reducci\u00f3 del l\u00edmit m\u00e0xim de jornada laboral, incloent-hi nou c\u00f2mput en la jornada ordin\u00e0ria, complement\u00e0ria i qualsevol altre tipus de jornada que pugui realitzar el professional. Els sindicats han demanat al Ministeri que quedi clar en l\u2019Estatut Marc que en aquest l\u00edmit m\u00e0xim s\u2019inclouen tots els tipus de jornada a fi d\u2019evitar la sobrec\u00e0rrega que sofreixen determinats professionals. En definitiva, el que busquen \u00e9s que la jornada laboral s\u2019organitzi de manera \u201cm\u00e9s racional i saludable\u201d per a evitar abusos.<\/p>\n\n\n\n<p><strong>Jubilaci\u00f3 Anticipada<\/strong><\/p>\n\n\n\n<p>Quant a la jubilaci\u00f3 anticipada per coeficients reductors, els sindicats presents en l\u2019\u00c0mbit de Negociaci\u00f3 han insistit que no \u00e9s suficient que la Comissi\u00f3 de Recursos Humans del SNS elabori els informes t\u00e8cnics preceptius de cara a la seva sol\u00b7licitud al Ministeri de Seguretat Social.<\/p>\n\n\n\n<p>Segons assenyalen, en l\u2019elaboraci\u00f3 d\u2019aquests informes s\u2019ha de comptar amb la participaci\u00f3, del Ministeri de Sanitat i dels sindicats presents en l\u2019\u00c0mbit de Negociaci\u00f3. A m\u00e9s, incideixen en qu\u00e8 l\u2019inici del procediment ha de ser iniciativa del Ministeri de Sanitat a trav\u00e9s de la Comissi\u00f3 de Recursos Humans del Sistema Nacional de Salut, on s\u00f3n presents les CCAA i el Ministeri de Sanitat. La pretensi\u00f3 de les organitzacions sindicals presents en la Mesa \u00e9s accelerar els tr\u00e0mits per a poder accedir a aquesta mena de jubilaci\u00f3 en els m\u00ednims terminis possibles.<\/p>\n\n\n\n<p><strong>Jubilaci\u00f3 Parcial<\/strong><\/p>\n\n\n\n<p>En la reuni\u00f3 d\u2019avui tamb\u00e9 es va abordar la jubilaci\u00f3 parcial i els sindicats van reclamar que, en lloc d\u2019en una disposici\u00f3 addicional, es reculli en l\u2019articulat de la norma i que el personal substitut d\u2019una jubilaci\u00f3 parcial s\u2019ajusti a la regulaci\u00f3 general de la Seguretat Social i pugui ser coberta amb personal fix en una immediata OPE, tal com exigeix la norma estatal.<\/p>\n\n\n\n<p>El Ministeri de Sanitat ent\u00e9n aquestes reivindicacions hist\u00f2riques d\u2019aquests tipus de jubilaci\u00f3, per la qual cosa incorporar al text el proposat per les organitzacions sindicals podr\u00e0 fer possible la jubilaci\u00f3 anticipada, en totes dues modalitats, una vegada aprovat l\u2019Avantprojecte de Llei.<\/p>\n\n\n\n<p>Les negociacions continuaran en una pr\u00f2xima reuni\u00f3, la data de la qual encara no s\u2019ha fixat, sent l\u2019inter\u00e8s de les organitzacions sindicals continuar avan\u00e7ant en la millora d\u2019un text normatiu que ha de donar resposta a totes les demandes i necessitats del conjunt del personal de la sanitat p\u00fablica del nostre pa\u00eds.<\/p>\n","protected":false},"excerpt":{"rendered":"<p>Les organitzacions sindicals han insistit en la necessitat que es generalitzi la jornada de 35 hores setmanals, alguna cosa que encara no passa en cinc serveis de salut, i veuen &#8230; <a title=\"Jornada laboral i jubilaci\u00f3 centren una nova reuni\u00f3 entre els sindicats i Sanitat per a millorar l\u2019Estatut Marc\" class=\"read-more\" href=\"https:\/\/ccoo.app\/ics\/noticies\/jornada-laboral-i-jubilacio-centren-una-nova-reunio-entre-els-sindicats-i-sanitat-per-a-millorar-lestatut-marc\/\" aria-label=\"M\u00e9s informaci\u00f3 sobre Jornada laboral i jubilaci\u00f3 centren una nova reuni\u00f3 entre els sindicats i Sanitat per a millorar l\u2019Estatut Marc\">Read more<\/a><\/p>\n","protected":false},"author":4386,"featured_media":34567,"comment_status":"closed","ping_status":"closed","sticky":false,"template":"","format":"standard","meta":{"footnotes":""},"categories":[1],"tags":[],"area":[],"class_list":["post-34566","post","type-post","status-publish","format-standard","has-post-thumbnail","hentry","category-noticies","generate-columns","tablet-grid-50","mobile-grid-100","grid-parent","grid-50"],"_links":{"self":[{"href":"https:\/\/ccoo.app\/ics\/wp-json\/wp\/v2\/posts\/34566","targetHints":{"allow":["GET"]}}],"collection":[{"href":"https:\/\/ccoo.app\/ics\/wp-json\/wp\/v2\/posts"}],"about":[{"href":"https:\/\/ccoo.app\/ics\/wp-json\/wp\/v2\/types\/post"}],"author":[{"embeddable":true,"href":"https:\/\/ccoo.app\/ics\/wp-json\/wp\/v2\/users\/4386"}],"replies":[{"embeddable":true,"href":"https:\/\/ccoo.app\/ics\/wp-json\/wp\/v2\/comments?post=34566"}],"version-history":[{"count":1,"href":"https:\/\/ccoo.app\/ics\/wp-json\/wp\/v2\/posts\/34566\/revisions"}],"predecessor-version":[{"id":34568,"href":"https:\/\/ccoo.app\/ics\/wp-json\/wp\/v2\/posts\/34566\/revisions\/34568"}],"wp:featuredmedia":[{"embeddable":true,"href":"https:\/\/ccoo.app\/ics\/wp-json\/wp\/v2\/media\/34567"}],"wp:attachment":[{"href":"https:\/\/ccoo.app\/ics\/wp-json\/wp\/v2\/media?parent=34566"}],"wp:term":[{"taxonomy":"category","embeddable":true,"href":"https:\/\/ccoo.app\/ics\/wp-json\/wp\/v2\/categories?post=34566"},{"taxonomy":"post_tag","embeddable":true,"href":"https:\/\/ccoo.app\/ics\/wp-json\/wp\/v2\/tags?post=34566"},{"taxonomy":"area","embeddable":true,"href":"https:\/\/ccoo.app\/ics\/wp-json\/wp\/v2\/area?post=34566"}],"curies":[{"name":"wp","href":"https:\/\/api.w.org\/{rel}","templated":true}]}}