{"id":34563,"date":"2025-11-19T17:59:34","date_gmt":"2025-11-19T16:59:34","guid":{"rendered":"https:\/\/ccoo.app\/ics\/?p=34563"},"modified":"2025-11-19T17:59:35","modified_gmt":"2025-11-19T16:59:35","slug":"ccoo-titlla-dofensiva-loferta-de-pujada-salarial-del-govern-per-a-les-empleades-i-empleats-publics","status":"publish","type":"post","link":"https:\/\/ccoo.app\/ics\/noticies\/ccoo-titlla-dofensiva-loferta-de-pujada-salarial-del-govern-per-a-les-empleades-i-empleats-publics\/","title":{"rendered":"CCOO titlla d&#8217;ofensiva l&#8217;oferta de pujada salarial del Govern per a les empleades i empleats p\u00fablics"},"content":{"rendered":"\n<h3 class=\"wp-block-heading\">Per al sindicat, la proposta de l&#8217;Executiu ha de ser m\u00e9s ambiciosa o la vaga general al desembre ser\u00e0 una realitat.<\/h3>\n\n\n\n<p>La proposta de pujada salarial que ha presentat el Govern en la reuni\u00f3 que ha tingut lloc aquest dimecres, 19 de novembre, en el Ministeri per a la Transformaci\u00f3 Digital i de la Funci\u00f3 P\u00fablica, \u00e9s d&#8217;un 10% per al per\u00edode 2025-2028. Aquest increment \u00e9s del tot inacceptable i suposa un insult a les empleades i empleats p\u00fablics per a l&#8217;\u00c0rea P\u00fablica de CCOO.<\/p>\n\n\n\n<p>Durant la reuni\u00f3 l&#8217;Administraci\u00f3 s&#8217;ha vist for\u00e7ada a retirar la seva proposta davant les exig\u00e8ncies de CCOO i ens ha empla\u00e7at a una nova trobada per a dem\u00e0 dijous, a les 12.00 hores.<\/p>\n\n\n\n<p>El Govern presumeix de liderar el creixement econ\u00f2mic de la Uni\u00f3 Europea, ha modificat a l&#8217;al\u00e7a la seva previsi\u00f3 d&#8217;un 2,7% a un 2,9% per a enguany, mentre proposa continuar amb la pol\u00edtica de contenci\u00f3 salarial per al personal de les Administracions P\u00fabliques, amb un repunt preocupant de la inflaci\u00f3,alhora que oblida que els i les empleades p\u00fabliques d&#8217;aquest pa\u00eds continuen per sota de la mitjana de la Uni\u00f3 Europea.<\/p>\n\n\n\n<p>CCOO no pot acceptar una proposta salarial que no segueixi la senda dels acords anteriors (2018\/2020) i de l&#8217;Acord marc per a una Administraci\u00f3 del Segle XXI (2022-2024), que recuperi poder adquisitiu i s&#8217;ajusti als repunts inflacionaris de l&#8217;economia.<\/p>\n\n\n\n<p>Un pa\u00eds socialment just no pot permetre&#8217;s que les seves treballadores i treballadors no arribin a fi de mes. Per tant, la proposta del Govern \u00e9s del tot insuficient per a CCOO i aix\u00ed li ho hem traslladat.<\/p>\n\n\n\n<p>Si no hi ha una proposta econ\u00f2mica justa i el compliment \u00edntegre de l&#8217;Acord marc per a una Administraci\u00f3 del Segle XXI, es reprendr\u00e0 la vaga general en les Administracions P\u00fabliques el mes de desembre.<\/p>\n\n\n\n<p>Per a CCOO, \u00e9s imprescindible tancar la part no complerta de l&#8217;Acord marc per a una Administraci\u00f3 del Segle XXI, com la jubilaci\u00f3 parcial del personal funcionari i estatuari (a m\u00e9s de recuperar-la per al personal laboral), la classificaci\u00f3 professional de T\u00e8cnics Superiors i Mitjans, les 35 hores, la carrera professional o el teletreball en l&#8217;Administraci\u00f3 General de l&#8217;Estat.<\/p>\n\n\n\n<p>En aquesta primera reuni\u00f3, i davant la nostra contundent oposici\u00f3 a l&#8217;oferta presentada, l&#8217;Executiu s&#8217;ha comprom\u00e8s a portar una nova proposta econ\u00f2mica, per la qual cosa des de l&#8217;\u00c0rea P\u00fablica de CCOO estarem expectants.<\/p>\n\n\n\n<p>Per a mantenir uns serveis p\u00fablics de qualitat que demanda la ciutadania, cal invertir en les plantilles i les condicions de treball i salarials del personal p\u00fablic, garantint carrera i promoci\u00f3 professional, aix\u00ed com un acc\u00e9s a la funci\u00f3 p\u00fablica \u00e0gil.<\/p>\n","protected":false},"excerpt":{"rendered":"<p>Per al sindicat, la proposta de l&#8217;Executiu ha de ser m\u00e9s ambiciosa o la vaga general al desembre ser\u00e0 una realitat. La proposta de pujada salarial que ha presentat el &#8230; <a title=\"CCOO titlla d&#8217;ofensiva l&#8217;oferta de pujada salarial del Govern per a les empleades i empleats p\u00fablics\" class=\"read-more\" href=\"https:\/\/ccoo.app\/ics\/noticies\/ccoo-titlla-dofensiva-loferta-de-pujada-salarial-del-govern-per-a-les-empleades-i-empleats-publics\/\" aria-label=\"M\u00e9s informaci\u00f3 sobre CCOO titlla d&#8217;ofensiva l&#8217;oferta de pujada salarial del Govern per a les empleades i empleats p\u00fablics\">Read more<\/a><\/p>\n","protected":false},"author":4386,"featured_media":34564,"comment_status":"closed","ping_status":"closed","sticky":false,"template":"","format":"standard","meta":{"footnotes":""},"categories":[12,1],"tags":[],"area":[],"class_list":["post-34563","post","type-post","status-publish","format-standard","has-post-thumbnail","hentry","category-actualitat","category-noticies","generate-columns","tablet-grid-50","mobile-grid-100","grid-parent","grid-50"],"_links":{"self":[{"href":"https:\/\/ccoo.app\/ics\/wp-json\/wp\/v2\/posts\/34563","targetHints":{"allow":["GET"]}}],"collection":[{"href":"https:\/\/ccoo.app\/ics\/wp-json\/wp\/v2\/posts"}],"about":[{"href":"https:\/\/ccoo.app\/ics\/wp-json\/wp\/v2\/types\/post"}],"author":[{"embeddable":true,"href":"https:\/\/ccoo.app\/ics\/wp-json\/wp\/v2\/users\/4386"}],"replies":[{"embeddable":true,"href":"https:\/\/ccoo.app\/ics\/wp-json\/wp\/v2\/comments?post=34563"}],"version-history":[{"count":1,"href":"https:\/\/ccoo.app\/ics\/wp-json\/wp\/v2\/posts\/34563\/revisions"}],"predecessor-version":[{"id":34565,"href":"https:\/\/ccoo.app\/ics\/wp-json\/wp\/v2\/posts\/34563\/revisions\/34565"}],"wp:featuredmedia":[{"embeddable":true,"href":"https:\/\/ccoo.app\/ics\/wp-json\/wp\/v2\/media\/34564"}],"wp:attachment":[{"href":"https:\/\/ccoo.app\/ics\/wp-json\/wp\/v2\/media?parent=34563"}],"wp:term":[{"taxonomy":"category","embeddable":true,"href":"https:\/\/ccoo.app\/ics\/wp-json\/wp\/v2\/categories?post=34563"},{"taxonomy":"post_tag","embeddable":true,"href":"https:\/\/ccoo.app\/ics\/wp-json\/wp\/v2\/tags?post=34563"},{"taxonomy":"area","embeddable":true,"href":"https:\/\/ccoo.app\/ics\/wp-json\/wp\/v2\/area?post=34563"}],"curies":[{"name":"wp","href":"https:\/\/api.w.org\/{rel}","templated":true}]}}