{"id":32735,"date":"2025-11-05T19:40:08","date_gmt":"2025-11-05T18:40:08","guid":{"rendered":"https:\/\/ccoo.app\/ics\/?p=32735"},"modified":"2025-11-05T19:40:10","modified_gmt":"2025-11-05T18:40:10","slug":"ccoo-es-felicita-per-laprovacio-dun-calendari-de-negociacio-amb-el-govern-sobre-ocupacio-publica","status":"publish","type":"post","link":"https:\/\/ccoo.app\/ics\/noticies\/ccoo-es-felicita-per-laprovacio-dun-calendari-de-negociacio-amb-el-govern-sobre-ocupacio-publica\/","title":{"rendered":"CCOO es felicita per l&#8217;aprovaci\u00f3 d&#8217;un calendari de negociaci\u00f3 amb el Govern sobre ocupaci\u00f3 p\u00fablica"},"content":{"rendered":"\n<h3 class=\"wp-block-heading\">Advertim que la nostra actitud ser\u00e0 constructiva, per\u00f2 alhora exigent en la negociaci\u00f3 que s&#8217;iniciar\u00e0 la setmana vinent amb el Ministeri per a la Transformaci\u00f3 Digital i de la Funci\u00f3 P\u00fablica. Aquest dimecres ha tingut lloc una primera  trobad per tra\u00e7ar un calendari, despr\u00e9s de les concentracions d&#8217;empleades i empleats p\u00fablics que han tingut lloc des del passat estiu i que han obligat el Govern a dialogar.<\/h3>\n\n\n\n<p>L&#8217;\u00c0rea P\u00fablica de CCOO, juntament amb UGT Serveis P\u00fablics i CSIF, s&#8217;ha reunit aquest mat\u00ed amb la secret\u00e0ria d&#8217;Estat de Funci\u00f3 P\u00fablica, Consuelo S\u00e1nchez, i amb la directora general d&#8217;aquest \u00e0mbit, Mar\u00eda Hilda Jim\u00e9nez, per a reprendre les negociacions sobre ocupaci\u00f3 p\u00fablica, despr\u00e9s de les mobilitzacions d&#8217;empleades i empleats p\u00fablics que han tingut lloc des de l&#8217;estiu, una campanya que, advertim des dels sindicats, desembocaria en una vaga si el Govern no reprenia les negociacions.<\/p>\n\n\n\n<p>Aquesta pressi\u00f3 ha donat el seu fruit i, en la trobada d&#8217;avui, s&#8217;ha acordat un calendari de reunions setmanals per a treballar sobre el comprom\u00e8s, en dos blocs: un sobre empro p\u00fablic, que ser\u00e0 el primer dels assumptes que s&#8217;abordi, i un altre sobre salaris (a partir del 19 de novembre), que porten congelats des de l&#8217;inici d&#8217;aquest any 2025. Aquestes mat\u00e8ries es recolliran en un nou acord pluriennal (2026-2028) i hi haur\u00e0 un cap\u00edtol especial per a la pujada retributiva pendent, amb efectes retroactius.<\/p>\n\n\n\n<p>Des de l&#8217;\u00c0rea P\u00fablica de CCOO, li hem recordat al Govern que encara queden pendents per tancar mat\u00e8ries del ja caducat Acord marc per a una Administraci\u00f3 del Segle XXI, com la jubilaci\u00f3 parcial del personal laboral, funcionari i estatutari, la classificaci\u00f3 professional conforme al Sistema Espanyol de Qualificacions Professionals, la jornada laboral de 35 hores, el teletreball o la situaci\u00f3 del Servei Exterior. Els hem constret a culminar el compliment d&#8217;aquest acord.<\/p>\n\n\n\n<p>En aquest sentit, els hem retret a les responsables de l&#8217;Administraci\u00f3 la tardan\u00e7a a asseure&#8217;s amb els sindicats, encara que al mateix temps valorem que comenci la negociaci\u00f3 en la qual s&#8217;abordi per fi una pujada salarial per sobre de l&#8217;IPC i es parli sobre fons addicionals, recuperaci\u00f3 de l&#8217;ocupaci\u00f3 perduda, culminaci\u00f3 dels processos d&#8217;estabilitzaci\u00f3, rejoveniment de les plantilles, aix\u00ed com sobre una revisi\u00f3 de les condicions laborals que permeti recuperar les retallades dels anys 2010-2012.<\/p>\n\n\n\n<p>Des de CCOO, li hem fet veure a l&#8217;Executiu que iniciem aquesta nova etapa de di\u00e0leg amb una actitud constructiva i amb la voluntat inequ\u00edvoca i determinada d&#8217;aconseguir un acord benefici\u00f3s per a m\u00e9s de 3,5 milions d&#8217;empleades i empleats de l&#8217;\u00e0mbit del p\u00fablic, per\u00f2 li hem recordat tamb\u00e9 que serem exigents i que, en cas de no materialitzar-se els nostres objectius o que els resultats siguin insuficients, reprendr\u00edem la senda de les mobilitzacions, que, de moment, han quedat suspeses.<\/p>\n","protected":false},"excerpt":{"rendered":"<p>Advertim que la nostra actitud ser\u00e0 constructiva, per\u00f2 alhora exigent en la negociaci\u00f3 que s&#8217;iniciar\u00e0 la setmana vinent amb el Ministeri per a la Transformaci\u00f3 Digital i de la Funci\u00f3 &#8230; <a title=\"CCOO es felicita per l&#8217;aprovaci\u00f3 d&#8217;un calendari de negociaci\u00f3 amb el Govern sobre ocupaci\u00f3 p\u00fablica\" class=\"read-more\" href=\"https:\/\/ccoo.app\/ics\/noticies\/ccoo-es-felicita-per-laprovacio-dun-calendari-de-negociacio-amb-el-govern-sobre-ocupacio-publica\/\" aria-label=\"M\u00e9s informaci\u00f3 sobre CCOO es felicita per l&#8217;aprovaci\u00f3 d&#8217;un calendari de negociaci\u00f3 amb el Govern sobre ocupaci\u00f3 p\u00fablica\">Read more<\/a><\/p>\n","protected":false},"author":4386,"featured_media":32736,"comment_status":"closed","ping_status":"closed","sticky":false,"template":"","format":"standard","meta":{"footnotes":""},"categories":[12,1],"tags":[],"area":[],"class_list":["post-32735","post","type-post","status-publish","format-standard","has-post-thumbnail","hentry","category-actualitat","category-noticies","generate-columns","tablet-grid-50","mobile-grid-100","grid-parent","grid-50"],"_links":{"self":[{"href":"https:\/\/ccoo.app\/ics\/wp-json\/wp\/v2\/posts\/32735","targetHints":{"allow":["GET"]}}],"collection":[{"href":"https:\/\/ccoo.app\/ics\/wp-json\/wp\/v2\/posts"}],"about":[{"href":"https:\/\/ccoo.app\/ics\/wp-json\/wp\/v2\/types\/post"}],"author":[{"embeddable":true,"href":"https:\/\/ccoo.app\/ics\/wp-json\/wp\/v2\/users\/4386"}],"replies":[{"embeddable":true,"href":"https:\/\/ccoo.app\/ics\/wp-json\/wp\/v2\/comments?post=32735"}],"version-history":[{"count":1,"href":"https:\/\/ccoo.app\/ics\/wp-json\/wp\/v2\/posts\/32735\/revisions"}],"predecessor-version":[{"id":32737,"href":"https:\/\/ccoo.app\/ics\/wp-json\/wp\/v2\/posts\/32735\/revisions\/32737"}],"wp:featuredmedia":[{"embeddable":true,"href":"https:\/\/ccoo.app\/ics\/wp-json\/wp\/v2\/media\/32736"}],"wp:attachment":[{"href":"https:\/\/ccoo.app\/ics\/wp-json\/wp\/v2\/media?parent=32735"}],"wp:term":[{"taxonomy":"category","embeddable":true,"href":"https:\/\/ccoo.app\/ics\/wp-json\/wp\/v2\/categories?post=32735"},{"taxonomy":"post_tag","embeddable":true,"href":"https:\/\/ccoo.app\/ics\/wp-json\/wp\/v2\/tags?post=32735"},{"taxonomy":"area","embeddable":true,"href":"https:\/\/ccoo.app\/ics\/wp-json\/wp\/v2\/area?post=32735"}],"curies":[{"name":"wp","href":"https:\/\/api.w.org\/{rel}","templated":true}]}}