{"id":32732,"date":"2025-10-10T17:11:39","date_gmt":"2025-10-10T15:11:39","guid":{"rendered":"https:\/\/ccoo.app\/ics\/?p=32732"},"modified":"2025-11-05T17:13:10","modified_gmt":"2025-11-05T16:13:10","slug":"10-doctubre-dia-mundial-de-la-salut-mental","status":"publish","type":"post","link":"https:\/\/ccoo.app\/ics\/noticies\/10-doctubre-dia-mundial-de-la-salut-mental\/","title":{"rendered":"10 d\u2019octubre Dia Mundial de la Salut Mental"},"content":{"rendered":"\n<p>Aix\u00ed, avui, 10 d\u2019Octubre, Dia Mundial de la Salut Mental, \u00e9s crucial posar la nostra salut mental al centre i analitzar les causes que generen aquests malestar. Tot i la diversitat de les seves causes, gran part dels nostres problemes emocionals tenen una causa sist\u00e8mica<\/p>\n\n\n\n<p>&nbsp;reivindiquem no nom\u00e9s la necess\u00e0ria dotaci\u00f3 de recursos i dignificaci\u00f3 de l\u2019atenci\u00f3 psicol\u00f2gica i psiqui\u00e0trica al sistema de salut p\u00fablic, sin\u00f3 tamb\u00e9 l\u2019erradicaci\u00f3 del context que les genera.&nbsp;<strong>\u00c9s crucial l\u2019organitzaci\u00f3 sindical i col\u00b7lectiva per lluitar contra aquestes viol\u00e8ncies<\/strong>&nbsp;i, alhora, \u00e9s d\u2019extrema urg\u00e8ncia revertir les conseq\u00fc\u00e8ncies de les retallades i l\u2019austeritat que ha patit la sanitat p\u00fablica en les darreres d\u00e8cades perqu\u00e8 cap persona no quedi sense atenci\u00f3 per no poder fer front al cost desmesurat de l\u2019atenci\u00f3 psicol\u00f2gica privada, o perqu\u00e8 no acabem en una situaci\u00f3 de psiquiatritzaci\u00f3 i medicaci\u00f3 del malestar, per tapar la manca de capacitat per derivar el pacient al psic\u00f2leg de la Seguretat Social.<\/p>\n\n\n\n<p>Tamb\u00e9 volem reivindicar la necessitat de visibilitzar la import\u00e0ncia de la salut mental: anar al psic\u00f2leg i\/o al psiquiatra no ha d\u2019estar estigmatitzat.&nbsp;<strong>Estar malament no fa vergonya i el primer pas per millorar \u00e9s poder parlar-lo i estar acompanyats pel nostre cercle proper<\/strong>. La visibilitzaci\u00f3 de la import\u00e0ncia de la salut mental ajuda, tamb\u00e9, a eliminar estigmes i prejudicis i que, un cop trencat el silenci, la persona que pateix no rebi comentaris negatius per part dels seus companys, amics i familiars.&nbsp;<strong>\u00c9s important la construcci\u00f3 d\u2019espais segurs per poder expressar aquest malestar i patiment per evitar que s\u2019agreugi<\/strong>&nbsp;que pugui escalar a la ideaci\u00f3 su\u00efcida i la seva materialitzaci\u00f3.<\/p>\n\n\n\n<figure class=\"wp-block-image\"><img decoding=\"async\" src=\"https:\/\/www.ccoo.cat\/sanitat\/wp-content\/uploads\/sites\/130\/2025\/10\/10-10-dia-mundial-de-la-salut-mental.jpg?_t=1760077681\" alt=\"10.10 Dia Mundial De La Salut Mental\" \/><\/figure>\n","protected":false},"excerpt":{"rendered":"<p>Aix\u00ed, avui, 10 d\u2019Octubre, Dia Mundial de la Salut Mental, \u00e9s crucial posar la nostra salut mental al centre i analitzar les causes que generen aquests malestar. Tot i la &#8230; <a title=\"10 d\u2019octubre Dia Mundial de la Salut Mental\" class=\"read-more\" href=\"https:\/\/ccoo.app\/ics\/noticies\/10-doctubre-dia-mundial-de-la-salut-mental\/\" aria-label=\"M\u00e9s informaci\u00f3 sobre 10 d\u2019octubre Dia Mundial de la Salut Mental\">Read more<\/a><\/p>\n","protected":false},"author":4386,"featured_media":32733,"comment_status":"closed","ping_status":"closed","sticky":false,"template":"","format":"standard","meta":{"footnotes":""},"categories":[12,1],"tags":[],"area":[],"class_list":["post-32732","post","type-post","status-publish","format-standard","has-post-thumbnail","hentry","category-actualitat","category-noticies","generate-columns","tablet-grid-50","mobile-grid-100","grid-parent","grid-50"],"_links":{"self":[{"href":"https:\/\/ccoo.app\/ics\/wp-json\/wp\/v2\/posts\/32732","targetHints":{"allow":["GET"]}}],"collection":[{"href":"https:\/\/ccoo.app\/ics\/wp-json\/wp\/v2\/posts"}],"about":[{"href":"https:\/\/ccoo.app\/ics\/wp-json\/wp\/v2\/types\/post"}],"author":[{"embeddable":true,"href":"https:\/\/ccoo.app\/ics\/wp-json\/wp\/v2\/users\/4386"}],"replies":[{"embeddable":true,"href":"https:\/\/ccoo.app\/ics\/wp-json\/wp\/v2\/comments?post=32732"}],"version-history":[{"count":1,"href":"https:\/\/ccoo.app\/ics\/wp-json\/wp\/v2\/posts\/32732\/revisions"}],"predecessor-version":[{"id":32734,"href":"https:\/\/ccoo.app\/ics\/wp-json\/wp\/v2\/posts\/32732\/revisions\/32734"}],"wp:featuredmedia":[{"embeddable":true,"href":"https:\/\/ccoo.app\/ics\/wp-json\/wp\/v2\/media\/32733"}],"wp:attachment":[{"href":"https:\/\/ccoo.app\/ics\/wp-json\/wp\/v2\/media?parent=32732"}],"wp:term":[{"taxonomy":"category","embeddable":true,"href":"https:\/\/ccoo.app\/ics\/wp-json\/wp\/v2\/categories?post=32732"},{"taxonomy":"post_tag","embeddable":true,"href":"https:\/\/ccoo.app\/ics\/wp-json\/wp\/v2\/tags?post=32732"},{"taxonomy":"area","embeddable":true,"href":"https:\/\/ccoo.app\/ics\/wp-json\/wp\/v2\/area?post=32732"}],"curies":[{"name":"wp","href":"https:\/\/api.w.org\/{rel}","templated":true}]}}