{"id":32729,"date":"2025-10-29T17:10:14","date_gmt":"2025-10-29T16:10:14","guid":{"rendered":"https:\/\/ccoo.app\/ics\/?p=32729"},"modified":"2025-11-05T17:13:41","modified_gmt":"2025-11-05T16:13:41","slug":"ccoo-de-catalunya-es-concentra-pel-bloqueig-de-la-negociacio-collectiva-al-sector-public","status":"publish","type":"post","link":"https:\/\/ccoo.app\/ics\/noticies\/ccoo-de-catalunya-es-concentra-pel-bloqueig-de-la-negociacio-collectiva-al-sector-public\/","title":{"rendered":"CCOO de Catalunya es concentra pel bloqueig de la negociaci\u00f3 col\u00b7lectiva al sector p\u00fablic"},"content":{"rendered":"\n<p><strong>Sota el lema \u201cNegociaci\u00f3, pujada salarial i millora dels serveis p\u00fablics\u201d, les convocat\u00f2ries estan previstes per dem\u00e0 30 d\u2019octubre a les 12 h<\/strong><\/p>\n\n\n\n<p>Les organitzacions sindicals CCOO, UGT i CSIF inicien aquest dijous, 30 d\u2019octubre, un calendari de mobilitzacions a tot Espanya per denunciar el bloqueig de la negociaci\u00f3 col\u00b7lectiva per part del Ministeri de Funci\u00f3 P\u00fablica que impedeix un nou acord salarial.<\/p>\n\n\n\n<p>Altres reivindicacions del sector estan vinculades a l\u2019Oferta d\u2019Ocupaci\u00f3 P\u00fablica, que, enguany i sense el suport dels sindicats, disminueix la creaci\u00f3 d\u2019ocupaci\u00f3 neta, redueix l\u2019oferta en promoci\u00f3 interna i mant\u00e9 la taxa de reposici\u00f3. D\u2019altra banda, la temporalitat a les administracions p\u00fabliques roman estancada gaireb\u00e9 en el 30 % i el TJUE est\u00e0 exigint elevar les indemnitzacions a les persones afectades i concretar les sancions a les administracions que abusin.<\/p>\n\n\n\n<p><strong>Les convocat\u00f2ries a Catalunya s\u00f3n a les 12 h davant les delegacions del Govern de les capitals<\/strong>, des d\u2019on es tornar\u00e0 a exigir al Govern d\u2019Espanya que s\u2019assegui amb les organitzacions sindicals i plantegi una proposta de millora salarial per a les persones treballadores del sector p\u00fablic.<\/p>\n\n\n\n<p>Es tracta de l\u2019inici d\u2019un calendari de mobilitzacions que les organitzacions sindicals convocants duran a terme fins a final d\u2019any i en el qual no es descarta la convocat\u00f2ria d\u2019una jornada de vaga.<\/p>\n\n\n\n<p><strong>Quan: 30 d\u2019octubre de 2025, a les 12 h<\/strong><\/p>\n\n\n\n<p><strong>Lloc: seus de la delegaci\u00f3 del Govern<\/strong><\/p>\n\n\n\n<p><strong>-Barcelona. Carrer Mallorca, 278<\/strong><\/p>\n\n\n\n<p><strong>-Girona. Avinguda del 20 de Juny, 2<\/strong><\/p>\n\n\n\n<p><strong>-Lleida. Pla\u00e7a de la Pau, 1<\/strong><\/p>\n\n\n\n<p><strong>-Tarragona. Pla\u00e7a de la Imperial Tarraco, 3<\/strong><\/p>\n\n\n\n<p><br>Quinze minuts abans de l\u2019hora de l\u2019inici de la concentraci\u00f3, hi haur\u00e0 atenci\u00f3 als mitjans de comunicaci\u00f3 que ho desitgin.<\/p>\n","protected":false},"excerpt":{"rendered":"<p>Sota el lema \u201cNegociaci\u00f3, pujada salarial i millora dels serveis p\u00fablics\u201d, les convocat\u00f2ries estan previstes per dem\u00e0 30 d\u2019octubre a les 12 h Les organitzacions sindicals CCOO, UGT i CSIF &#8230; <a title=\"CCOO de Catalunya es concentra pel bloqueig de la negociaci\u00f3 col\u00b7lectiva al sector p\u00fablic\" class=\"read-more\" href=\"https:\/\/ccoo.app\/ics\/noticies\/ccoo-de-catalunya-es-concentra-pel-bloqueig-de-la-negociacio-collectiva-al-sector-public\/\" aria-label=\"M\u00e9s informaci\u00f3 sobre CCOO de Catalunya es concentra pel bloqueig de la negociaci\u00f3 col\u00b7lectiva al sector p\u00fablic\">Read more<\/a><\/p>\n","protected":false},"author":4386,"featured_media":32730,"comment_status":"closed","ping_status":"closed","sticky":false,"template":"","format":"standard","meta":{"footnotes":""},"categories":[13,1],"tags":[],"area":[],"class_list":["post-32729","post","type-post","status-publish","format-standard","has-post-thumbnail","hentry","category-accions-sindicals","category-noticies","generate-columns","tablet-grid-50","mobile-grid-100","grid-parent","grid-50"],"_links":{"self":[{"href":"https:\/\/ccoo.app\/ics\/wp-json\/wp\/v2\/posts\/32729","targetHints":{"allow":["GET"]}}],"collection":[{"href":"https:\/\/ccoo.app\/ics\/wp-json\/wp\/v2\/posts"}],"about":[{"href":"https:\/\/ccoo.app\/ics\/wp-json\/wp\/v2\/types\/post"}],"author":[{"embeddable":true,"href":"https:\/\/ccoo.app\/ics\/wp-json\/wp\/v2\/users\/4386"}],"replies":[{"embeddable":true,"href":"https:\/\/ccoo.app\/ics\/wp-json\/wp\/v2\/comments?post=32729"}],"version-history":[{"count":1,"href":"https:\/\/ccoo.app\/ics\/wp-json\/wp\/v2\/posts\/32729\/revisions"}],"predecessor-version":[{"id":32731,"href":"https:\/\/ccoo.app\/ics\/wp-json\/wp\/v2\/posts\/32729\/revisions\/32731"}],"wp:featuredmedia":[{"embeddable":true,"href":"https:\/\/ccoo.app\/ics\/wp-json\/wp\/v2\/media\/32730"}],"wp:attachment":[{"href":"https:\/\/ccoo.app\/ics\/wp-json\/wp\/v2\/media?parent=32729"}],"wp:term":[{"taxonomy":"category","embeddable":true,"href":"https:\/\/ccoo.app\/ics\/wp-json\/wp\/v2\/categories?post=32729"},{"taxonomy":"post_tag","embeddable":true,"href":"https:\/\/ccoo.app\/ics\/wp-json\/wp\/v2\/tags?post=32729"},{"taxonomy":"area","embeddable":true,"href":"https:\/\/ccoo.app\/ics\/wp-json\/wp\/v2\/area?post=32729"}],"curies":[{"name":"wp","href":"https:\/\/api.w.org\/{rel}","templated":true}]}}