{"id":32714,"date":"2025-09-29T11:09:58","date_gmt":"2025-09-29T09:09:58","guid":{"rendered":"https:\/\/ccoo.app\/ics\/?p=32714"},"modified":"2025-09-30T11:13:13","modified_gmt":"2025-09-30T09:13:13","slug":"ccoo-crida-a-la-manifestacio-per-palestina-el-4-o","status":"publish","type":"post","link":"https:\/\/ccoo.app\/ics\/noticies\/ccoo-crida-a-la-manifestacio-per-palestina-el-4-o\/","title":{"rendered":"CCOO crida a la manifestaci\u00f3 per Palestina el 4-O"},"content":{"rendered":"\n<h3 class=\"wp-block-heading\">CCOO de Catalunya convoca, juntament amb moltes altres entitats, una manifestaci\u00f3 per reclamar la fi del genocidi a Palestina que es preveu multitudin\u00e0ria. I les persones de CCOO hi hem de ser! Demostrarem, una vegada m\u00e9s, que la classe treballadora est\u00e0 amb el poble palest\u00ed. I no pararem fins a tallar tota la complicitat que fa possible que Israel continu\u00ef massacrant el poble palest\u00ed.<\/h3>\n\n\n\n<p>La manifestaci\u00f3<strong>&nbsp;surt dels jardinets de Gr\u00e0cia a les 12 h el dissabte 4 d\u2019octubre<\/strong>. El punt de trobada de la gent de CCOO de Catalunya \u00e9s&nbsp;<strong>davant del Palau Robert a les 11.30 h<\/strong>.<\/p>\n\n\n\n<p>Les demandes s\u00f3n:<\/p>\n\n\n\n<ul class=\"wp-block-list\">\n<li><strong>Al Govern espanyol<\/strong>:\n<ul class=\"wp-block-list\">\n<li>La fi immediata del comer\u00e7 d\u2019armes i de tecnologia militar i de seguretat amb Israel, incloent-hi venda, compra i tr\u00e0nsit, mitjan\u00e7ant l\u2019aprovaci\u00f3 urgent d\u2019un reial decret llei.<\/li>\n\n\n\n<li>La ruptura total de relacions diplom\u00e0tiques, institucionals, econ\u00f2miques, esportives i culturals amb Israel.<\/li>\n\n\n\n<li>El suport ple a les demandes judicials contra Israel, sumant-se a Sud-\u00e0frica davant la Cort Internacional de Just\u00edcia i donant suport al treball del Tribunal Penal Internacional per jutjar els l\u00edders israelians per genocidi i crims de guerra.<\/li>\n\n\n\n<li>La fi de la persecuci\u00f3 i la criminalitzaci\u00f3 de la solidaritat amb Palestina, derogant la llei mordassa.<\/li>\n<\/ul>\n<\/li>\n\n\n\n<li><strong>A la Generalitat de Catalunya<\/strong>:\n<ul class=\"wp-block-list\">\n<li>Que apliqui la resoluci\u00f3 aprovada el passat 24 de juliol i trenqui relacions amb el Govern d\u2019Israel.<\/li>\n<\/ul>\n<\/li>\n\n\n\n<li><strong>Conjuntament amb l\u2019Ajuntament de Barcelona<\/strong>:\n<ul class=\"wp-block-list\">\n<li>Que s\u2019assegurin que a la Fira de Barcelona -consorci format per l\u2019Ajuntament de Barcelona i la Generalitat de Catalunya- no s\u2019hi acullin pavellons israelians -el proper est\u00e0 previst per al 4 de novembre- ni tampoc acullin empreses que es lucren del colonialisme, l\u2019ocupaci\u00f3, l\u2019apartheid i el genocidi contra el poble palest\u00ed.<\/li>\n\n\n\n<li>Que no permetin que al port de Barcelona arribin vaixells involucrats en el tr\u00e0fic d\u2019armes amb Israel.<\/li>\n<\/ul>\n<\/li>\n<\/ul>\n\n\n\n<p>US HI ESPEREM!<\/p>\n\n\n\n<p><\/p>\n\n\n<div class=\"wp-block-image\">\n<figure class=\"aligncenter size-full\"><img loading=\"lazy\" decoding=\"async\" width=\"490\" height=\"693\" src=\"https:\/\/ccoo.app\/ics\/wp-content\/blogs.dir\/6\/files\/sites\/200\/2025\/09\/cartell-mani-4-o_cat-ccoo-web-490x693-1.png\" alt=\"\" class=\"wp-image-32716\" srcset=\"https:\/\/ccoo.app\/ics\/wp-content\/blogs.dir\/6\/files\/sites\/200\/2025\/09\/cartell-mani-4-o_cat-ccoo-web-490x693-1.png 490w, https:\/\/ccoo.app\/ics\/wp-content\/blogs.dir\/6\/files\/sites\/200\/2025\/09\/cartell-mani-4-o_cat-ccoo-web-490x693-1-212x300.png 212w\" sizes=\"auto, (max-width: 490px) 100vw, 490px\" \/><\/figure>\n<\/div>","protected":false},"excerpt":{"rendered":"<p>CCOO de Catalunya convoca, juntament amb moltes altres entitats, una manifestaci\u00f3 per reclamar la fi del genocidi a Palestina que es preveu multitudin\u00e0ria. I les persones de CCOO hi hem &#8230; <a title=\"CCOO crida a la manifestaci\u00f3 per Palestina el 4-O\" class=\"read-more\" href=\"https:\/\/ccoo.app\/ics\/noticies\/ccoo-crida-a-la-manifestacio-per-palestina-el-4-o\/\" aria-label=\"M\u00e9s informaci\u00f3 sobre CCOO crida a la manifestaci\u00f3 per Palestina el 4-O\">Read more<\/a><\/p>\n","protected":false},"author":4386,"featured_media":32715,"comment_status":"closed","ping_status":"closed","sticky":false,"template":"","format":"standard","meta":{"footnotes":""},"categories":[13,12,1],"tags":[],"area":[],"class_list":["post-32714","post","type-post","status-publish","format-standard","has-post-thumbnail","hentry","category-accions-sindicals","category-actualitat","category-noticies","generate-columns","tablet-grid-50","mobile-grid-100","grid-parent","grid-50"],"_links":{"self":[{"href":"https:\/\/ccoo.app\/ics\/wp-json\/wp\/v2\/posts\/32714","targetHints":{"allow":["GET"]}}],"collection":[{"href":"https:\/\/ccoo.app\/ics\/wp-json\/wp\/v2\/posts"}],"about":[{"href":"https:\/\/ccoo.app\/ics\/wp-json\/wp\/v2\/types\/post"}],"author":[{"embeddable":true,"href":"https:\/\/ccoo.app\/ics\/wp-json\/wp\/v2\/users\/4386"}],"replies":[{"embeddable":true,"href":"https:\/\/ccoo.app\/ics\/wp-json\/wp\/v2\/comments?post=32714"}],"version-history":[{"count":1,"href":"https:\/\/ccoo.app\/ics\/wp-json\/wp\/v2\/posts\/32714\/revisions"}],"predecessor-version":[{"id":32717,"href":"https:\/\/ccoo.app\/ics\/wp-json\/wp\/v2\/posts\/32714\/revisions\/32717"}],"wp:featuredmedia":[{"embeddable":true,"href":"https:\/\/ccoo.app\/ics\/wp-json\/wp\/v2\/media\/32715"}],"wp:attachment":[{"href":"https:\/\/ccoo.app\/ics\/wp-json\/wp\/v2\/media?parent=32714"}],"wp:term":[{"taxonomy":"category","embeddable":true,"href":"https:\/\/ccoo.app\/ics\/wp-json\/wp\/v2\/categories?post=32714"},{"taxonomy":"post_tag","embeddable":true,"href":"https:\/\/ccoo.app\/ics\/wp-json\/wp\/v2\/tags?post=32714"},{"taxonomy":"area","embeddable":true,"href":"https:\/\/ccoo.app\/ics\/wp-json\/wp\/v2\/area?post=32714"}],"curies":[{"name":"wp","href":"https:\/\/api.w.org\/{rel}","templated":true}]}}