{"id":32711,"date":"2025-09-29T10:51:48","date_gmt":"2025-09-29T08:51:48","guid":{"rendered":"https:\/\/ccoo.app\/ics\/?p=32711"},"modified":"2025-09-30T10:54:49","modified_gmt":"2025-09-30T08:54:49","slug":"cobrament-del-05-dincrement","status":"publish","type":"post","link":"https:\/\/ccoo.app\/ics\/noticies\/cobrament-del-05-dincrement\/","title":{"rendered":"COBRAMENT DEL 0,5% D\u2019INCREMENT"},"content":{"rendered":"\n<h3 class=\"wp-block-heading\"><strong>A les n\u00f2mines d\u2019aquest mes de setembre i del mes d\u2019octubre, cobrem l\u2019increment del 0,5% que restava de l\u2019acord d\u2019increment salarial 2022-2025 signat per\u00a0CCOO<\/strong><\/h3>\n\n\n\n<p>En la n\u00f2mina d\u2019aquest mes de setembre s\u2019ha incl\u00f2s una quantitat extra que correspon al&nbsp;<strong>cobrament dels endarreriments del 0,5% de l\u2019acord d\u2019increment salarial per als anys 2022-2024<\/strong>, signat per&nbsp;<strong>CCOO<\/strong>, i que&nbsp;<strong>es complementar\u00e0 amb una altra quantitat que es cobrar\u00e0 en la n\u00f2mina del mes d\u2019octubre.<\/strong><\/p>\n\n\n\n<p>Aquest 0,5% de l\u2019increment que quedava per aplicar estava lligat al c\u00e0lcul de l\u2019IPC per a 2024, que no s\u2019ha publicat fins al juliol d\u2019aquest any 2025.&nbsp;<strong>Aquest increment t\u00e9 efecte retroactiu&nbsp;a<\/strong>&nbsp;1 de gener de 2024.<\/p>\n\n\n\n<p><strong>Al setembre hem cobrat els endarreriments corresponents a 2025<\/strong>. S\u00f3n&nbsp;8&nbsp;mesos d\u2019endarreriments (de gener de 2025 a agost de&nbsp;2025),&nbsp;m\u00e9s endarreriment de la paga extra de juny de 2025 + increment ja introdu\u00eft en la n\u00f2mina de setembre.<\/p>\n\n\n\n<p><strong>En la n\u00f2mina del mes d\u2019octubre es cobraran els endarreriments que falten, corresponents a 2024<\/strong>&nbsp;(dotze&nbsp;mesos, de gener a desembre, m\u00e9s 2 pagues extres).&nbsp;<strong>Pel que la quantitat a cobrar d\u2019endarreriments a l\u2019octubre ser\u00e0 aproximadament un 50% superior a la d\u2019aquest mes<\/strong>. Tamb\u00e9 es cobraran els diumenges treballats al maig i juny d\u2019enguany.<\/p>\n\n\n\n<p><strong>Recordem que aquest increment \u00e9s addicional a tots els ja produ\u00efts durant la vig\u00e8ncia de l\u2019acord d\u2019increment salarial 2022-2024 signat per&nbsp;<\/strong><strong>CCOO<\/strong><strong>.<\/strong><\/p>\n\n\n\n<p><strong>&nbsp;<\/strong><strong>Un sindicalisme responsable com el de&nbsp;<\/strong><strong>CCOO<\/strong><strong>&nbsp;significa implicar-se, negociar i acordar per a aconseguir objectius tangibles i mesurables, en comptes de no fer res i dedicar-se \u00fanicament a la queixa continua, la cr\u00edtica gratu\u00efta i la desqualificaci\u00f3 dels altres.<\/strong><\/p>\n\n\n\n<p><\/p>\n","protected":false},"excerpt":{"rendered":"<p>A les n\u00f2mines d\u2019aquest mes de setembre i del mes d\u2019octubre, cobrem l\u2019increment del 0,5% que restava de l\u2019acord d\u2019increment salarial 2022-2025 signat per\u00a0CCOO En la n\u00f2mina d\u2019aquest mes de &#8230; <a title=\"COBRAMENT DEL 0,5% D\u2019INCREMENT\" class=\"read-more\" href=\"https:\/\/ccoo.app\/ics\/noticies\/cobrament-del-05-dincrement\/\" aria-label=\"M\u00e9s informaci\u00f3 sobre COBRAMENT DEL 0,5% D\u2019INCREMENT\">Read more<\/a><\/p>\n","protected":false},"author":4386,"featured_media":32712,"comment_status":"closed","ping_status":"closed","sticky":false,"template":"","format":"standard","meta":{"footnotes":""},"categories":[12,1],"tags":[],"area":[],"class_list":["post-32711","post","type-post","status-publish","format-standard","has-post-thumbnail","hentry","category-actualitat","category-noticies","generate-columns","tablet-grid-50","mobile-grid-100","grid-parent","grid-50"],"_links":{"self":[{"href":"https:\/\/ccoo.app\/ics\/wp-json\/wp\/v2\/posts\/32711","targetHints":{"allow":["GET"]}}],"collection":[{"href":"https:\/\/ccoo.app\/ics\/wp-json\/wp\/v2\/posts"}],"about":[{"href":"https:\/\/ccoo.app\/ics\/wp-json\/wp\/v2\/types\/post"}],"author":[{"embeddable":true,"href":"https:\/\/ccoo.app\/ics\/wp-json\/wp\/v2\/users\/4386"}],"replies":[{"embeddable":true,"href":"https:\/\/ccoo.app\/ics\/wp-json\/wp\/v2\/comments?post=32711"}],"version-history":[{"count":1,"href":"https:\/\/ccoo.app\/ics\/wp-json\/wp\/v2\/posts\/32711\/revisions"}],"predecessor-version":[{"id":32713,"href":"https:\/\/ccoo.app\/ics\/wp-json\/wp\/v2\/posts\/32711\/revisions\/32713"}],"wp:featuredmedia":[{"embeddable":true,"href":"https:\/\/ccoo.app\/ics\/wp-json\/wp\/v2\/media\/32712"}],"wp:attachment":[{"href":"https:\/\/ccoo.app\/ics\/wp-json\/wp\/v2\/media?parent=32711"}],"wp:term":[{"taxonomy":"category","embeddable":true,"href":"https:\/\/ccoo.app\/ics\/wp-json\/wp\/v2\/categories?post=32711"},{"taxonomy":"post_tag","embeddable":true,"href":"https:\/\/ccoo.app\/ics\/wp-json\/wp\/v2\/tags?post=32711"},{"taxonomy":"area","embeddable":true,"href":"https:\/\/ccoo.app\/ics\/wp-json\/wp\/v2\/area?post=32711"}],"curies":[{"name":"wp","href":"https:\/\/api.w.org\/{rel}","templated":true}]}}