{"id":32708,"date":"2025-09-24T10:48:27","date_gmt":"2025-09-24T08:48:27","guid":{"rendered":"https:\/\/ccoo.app\/ics\/?p=32708"},"modified":"2025-09-30T10:51:27","modified_gmt":"2025-09-30T08:51:27","slug":"laudiencia-nacional-formalitza-la-demanda-definitiva-interposada-per-ccoo-per-a-la-reclassificacio-de-totes-les-categories-del-sns","status":"publish","type":"post","link":"https:\/\/ccoo.app\/ics\/noticies\/laudiencia-nacional-formalitza-la-demanda-definitiva-interposada-per-ccoo-per-a-la-reclassificacio-de-totes-les-categories-del-sns\/","title":{"rendered":"L\u2019Audi\u00e8ncia Nacional formalitza la demanda definitiva interposada per CCOO per a la reclassificaci\u00f3 de totes les categories del SNS"},"content":{"rendered":"\n<p>La demanda interposada per la Federaci\u00f3 de Sanitat i Sectors Sociosanitaris de CCOO (FSS-CCOO) sol\u00b7licita que s\u2019adoptin mesures oportunes per a la immediata aplicaci\u00f3 del que s\u2019estableix en l\u2019article 76 del TREBEP, donant aix\u00ed compliment al recollit en l\u2019Acord marc per a una Administraci\u00f3 del Segle XXI.<\/p>\n\n\n\n<p>CCOO considera que, tal com s\u2019estableix en l\u2019acord, la disposici\u00f3 transit\u00f2ria tercera del TREBEP ha de considerar-se culminada, i, per tant, concl\u00f2s el proc\u00e9s d\u2019implantaci\u00f3 de les noves titulacions, que estableix el BRESSOLES, en els procediments d\u2019acc\u00e9s a les Administracions P\u00fabliques.<\/p>\n\n\n\n<p>Davant l\u2019incompliment de l\u2019Acord per a una Administraci\u00f3 del segle XXI (BOE 17.11.2022), quant al que s\u2019estableix en el seu apartat 4 i per a la immediata aplicaci\u00f3 del que es disposa en l\u2019article 76 del TREBEP (referit a la classificaci\u00f3 del personal T\u00e8cnic, tant de grau mitj\u00e0 com de grau superior) es van interposar a l\u2019octubre de 2023 dos requeriments, davant el Ministeri de Sanitat, i el Ministeri d\u2019Hisenda i Funci\u00f3 P\u00fablica. Davant l\u2019abs\u00e8ncia de contestaci\u00f3 als requeriments i de qualsevol actuaci\u00f3 tendent a complir els acords, es va interposar una demanda davant l\u2019Audi\u00e8ncia Nacional, que va ser admesa a tr\u00e0mit al mar\u00e7 de 2024.<\/p>\n\n\n\n<p>Aix\u00ed, el passat 30 de juliol de 2025 l\u2019Audi\u00e8ncia Nacional requereix per tercera vegada als ministeris demandats la remissi\u00f3 dels expedients, que finalment s\u00f3n traslladats a CCOO el 18 de setembre de 2025, donant-se de termini 20 dies per a formalitzar la demanda definitiva a la vista de l\u2019expedient administratiu, el venciment del qual es fixa el 16 d\u2019octubre de 2025.<\/p>\n\n\n\n<p>Un avan\u00e7 significatiu, en un context de demores injustificables que s\u2019estan produint per a donar compliment a l\u2019apartat quart del citat acord, sobre l\u2019aplicaci\u00f3 de la classificaci\u00f3 segons l\u2019Art. 76 del TREBEP. Ja que en el personal estatutari del SNS no \u00e9s necessari realitzar cap desenvolupament normatiu, ni de car\u00e0cter reglamentari, ja que nom\u00e9s poden prestar serveis en els diferents Serveis de Salut aquells que acreditin estar en possessi\u00f3 de la titulaci\u00f3 acad\u00e8mica habilitant per a la professi\u00f3 a exercir.<\/p>\n\n\n\n<p>Aix\u00ed mateix, en l\u2019\u00e0mbit del personal estatutari al servei del SNS, aquesta reclassificaci\u00f3 ha d\u2019afectar a totes les i els professionals de la Sanitat als quals se\u2019ls exigeix la titulaci\u00f3 acad\u00e8mica de t\u00e8cnic de grau mitj\u00e0, que segueixen adscrits al grup de classificaci\u00f3 C2, en lloc del C1, i a professionals als quals se\u2019ls exigeix estar en possessi\u00f3 del t\u00edtol de T\u00e8cnic Superior, els quals continuen estant adscrits al grup de classificaci\u00f3 C1 en lloc del grup B, que \u00e9s el que en dret els correspon.<\/p>\n","protected":false},"excerpt":{"rendered":"<p>La demanda interposada per la Federaci\u00f3 de Sanitat i Sectors Sociosanitaris de CCOO (FSS-CCOO) sol\u00b7licita que s\u2019adoptin mesures oportunes per a la immediata aplicaci\u00f3 del que s\u2019estableix en l\u2019article 76 &#8230; <a title=\"L\u2019Audi\u00e8ncia Nacional formalitza la demanda definitiva interposada per CCOO per a la reclassificaci\u00f3 de totes les categories del SNS\" class=\"read-more\" href=\"https:\/\/ccoo.app\/ics\/noticies\/laudiencia-nacional-formalitza-la-demanda-definitiva-interposada-per-ccoo-per-a-la-reclassificacio-de-totes-les-categories-del-sns\/\" aria-label=\"M\u00e9s informaci\u00f3 sobre L\u2019Audi\u00e8ncia Nacional formalitza la demanda definitiva interposada per CCOO per a la reclassificaci\u00f3 de totes les categories del SNS\">Read more<\/a><\/p>\n","protected":false},"author":4386,"featured_media":32709,"comment_status":"closed","ping_status":"closed","sticky":false,"template":"","format":"standard","meta":{"footnotes":""},"categories":[13,12,1],"tags":[],"area":[],"class_list":["post-32708","post","type-post","status-publish","format-standard","has-post-thumbnail","hentry","category-accions-sindicals","category-actualitat","category-noticies","generate-columns","tablet-grid-50","mobile-grid-100","grid-parent","grid-50"],"_links":{"self":[{"href":"https:\/\/ccoo.app\/ics\/wp-json\/wp\/v2\/posts\/32708","targetHints":{"allow":["GET"]}}],"collection":[{"href":"https:\/\/ccoo.app\/ics\/wp-json\/wp\/v2\/posts"}],"about":[{"href":"https:\/\/ccoo.app\/ics\/wp-json\/wp\/v2\/types\/post"}],"author":[{"embeddable":true,"href":"https:\/\/ccoo.app\/ics\/wp-json\/wp\/v2\/users\/4386"}],"replies":[{"embeddable":true,"href":"https:\/\/ccoo.app\/ics\/wp-json\/wp\/v2\/comments?post=32708"}],"version-history":[{"count":1,"href":"https:\/\/ccoo.app\/ics\/wp-json\/wp\/v2\/posts\/32708\/revisions"}],"predecessor-version":[{"id":32710,"href":"https:\/\/ccoo.app\/ics\/wp-json\/wp\/v2\/posts\/32708\/revisions\/32710"}],"wp:featuredmedia":[{"embeddable":true,"href":"https:\/\/ccoo.app\/ics\/wp-json\/wp\/v2\/media\/32709"}],"wp:attachment":[{"href":"https:\/\/ccoo.app\/ics\/wp-json\/wp\/v2\/media?parent=32708"}],"wp:term":[{"taxonomy":"category","embeddable":true,"href":"https:\/\/ccoo.app\/ics\/wp-json\/wp\/v2\/categories?post=32708"},{"taxonomy":"post_tag","embeddable":true,"href":"https:\/\/ccoo.app\/ics\/wp-json\/wp\/v2\/tags?post=32708"},{"taxonomy":"area","embeddable":true,"href":"https:\/\/ccoo.app\/ics\/wp-json\/wp\/v2\/area?post=32708"}],"curies":[{"name":"wp","href":"https:\/\/api.w.org\/{rel}","templated":true}]}}