{"id":32703,"date":"2025-09-25T11:37:09","date_gmt":"2025-09-25T09:37:09","guid":{"rendered":"https:\/\/ccoo.app\/ics\/?p=32703"},"modified":"2025-09-30T11:01:25","modified_gmt":"2025-09-30T09:01:25","slug":"avaluacio-de-riscos-algunes-nocions-basiques","status":"publish","type":"post","link":"https:\/\/ccoo.app\/ics\/noticies\/avaluacio-de-riscos-algunes-nocions-basiques\/","title":{"rendered":"Avaluaci\u00f3 de riscos: algunes nocions b\u00e0siques"},"content":{"rendered":"\n<h3 class=\"wp-block-heading\">L\u2019avaluaci\u00f3 \u00e9s un proc\u00e9s que ha de servir per estimar la magnitud dels riscos laborals presents a cada lloc de treball i que no s\u2019hagin pogut evitar, aix\u00ed com per obtenir informaci\u00f3 sobre com reduir-los o eliminar-los.<\/h3>\n\n\n\n<figure class=\"wp-block-image size-large\"><img loading=\"lazy\" decoding=\"async\" width=\"724\" height=\"1024\" src=\"https:\/\/ccoo.app\/ics\/wp-content\/blogs.dir\/6\/files\/sites\/200\/2025\/09\/infografia_sl_08025-2-pdf-724x1024.jpg\" alt=\"\" class=\"wp-image-32705\" \/><\/figure>\n\n\n\n<ul class=\"wp-block-list\">\n<li>\u00c9s una obligaci\u00f3 de la teva empresa.<\/li>\n\n\n\n<li>Ha d\u2019incloure tots els llocs de treball.<\/li>\n\n\n\n<li>Ha de preveure les caracter\u00edstiques de les persones treballadores.<\/li>\n\n\n\n<li>Ha de reflectir les condicions de treball reals i concretes (tasques, equips, jornada i ritmes de treball, etc.).<\/li>\n\n\n\n<li>Ha de tenir en compte la perspectiva de g\u00e8nere i la de l\u2019edat.<\/li>\n\n\n\n<li>Ha de permetre una protecci\u00f3 especial de la salut dels seg\u00fcents col\u00b7lectius: dones embarassades i en per\u00edode de lact\u00e0ncia natural, i persones treballadores menors d\u2019edat i especialment sensibles a determinats riscos.<\/li>\n\n\n\n<li>S\u2019ha de fer amb la participaci\u00f3 dels teus delegats i delegades de prevenci\u00f3, i consultant-los pr\u00e8viament.<\/li>\n\n\n\n<li>Ha de servir per implementar millores en les teves condicions de treball que et protegeixin dels riscos (mesures preventives).<\/li>\n\n\n\n<li>S\u2019ha d\u2019actualitzar quan hi ha una modificaci\u00f3 al teu lloc de treball, si pateixes un accident laboral o una malaltia professional, o quan els reconeixements m\u00e8dics indiquin que les condicions de treball poden estar perjudicant la teva salut.<\/li>\n\n\n\n<li>Les conclusions de l\u2019avaluaci\u00f3 s\u2019han d\u2019utilitzar per donar-te una informaci\u00f3 i una formaci\u00f3 adequades sobre els riscos del teu lloc de treball.<\/li>\n<\/ul>\n\n\n\n<p><strong>Freq\u00fcentment, el que trobem a les empreses \u00e9s que l\u2019avaluaci\u00f3 no s\u2019utilitza per fer prevenci\u00f3 perqu\u00e8:<\/strong><\/p>\n\n\n\n<ul class=\"wp-block-list\">\n<li>No existeix una avaluaci\u00f3 de tots els riscos o no reflecteix les condicions de treball reals.<\/li>\n\n\n\n<li>No s\u2019han planificat i implementat mesures per controlar aquests riscos.<\/li>\n\n\n\n<li>No s\u2019ha donat participaci\u00f3 a les persones treballadores i els seus representants.<\/li>\n\n\n\n<li>No t\u00e9 en compte les caracter\u00edstiques de cada persona treballadora.<\/li>\n<\/ul>\n\n\n\n<p><strong>A Catalunya, nom\u00e9s l\u20191,01 % de les empreses han avaluat de manera espec\u00edfica tots els riscos laborals.<\/strong><\/p>\n\n\n\n<p>Una avaluaci\u00f3 de riscos sense una planificaci\u00f3 de mesures preventives \u00e9s com un diagn\u00f2stic sense tractament.<\/p>\n\n\n\n<div data-wp-interactive=\"core\/file\" class=\"wp-block-file\"><object data-wp-bind--hidden=\"!state.hasPdfPreview\" hidden class=\"wp-block-file__embed\" data=\"https:\/\/ccoo.app\/ics\/wp-content\/blogs.dir\/6\/files\/sites\/200\/2025\/09\/infografia_sl_08025-1.pdf\" type=\"application\/pdf\" style=\"width:100%;height:590px\" aria-label=\"Incrustaci\u00f3 del fitxer infografia_sl_08025-1.\"><\/object><a id=\"wp-block-file--media-a968c097-705f-4c23-a7f2-24d8226754f5\" href=\"https:\/\/ccoo.app\/ics\/wp-content\/blogs.dir\/6\/files\/sites\/200\/2025\/09\/infografia_sl_08025-1.pdf\">infografia_sl_08025-1<\/a><a href=\"https:\/\/ccoo.app\/ics\/wp-content\/blogs.dir\/6\/files\/sites\/200\/2025\/09\/infografia_sl_08025-1.pdf\" class=\"wp-block-file__button wp-element-button\" download aria-describedby=\"wp-block-file--media-a968c097-705f-4c23-a7f2-24d8226754f5\">Baixa<\/a><\/div>\n\n\n\n<p><\/p>\n\n\n\n<p><strong>Amb el suport de:<\/strong><\/p>\n\n\n\n<figure class=\"wp-block-image\"><img decoding=\"async\" src=\"https:\/\/www.ccoo.cat\/wp-content\/uploads\/2025\/07\/image.png\" alt=\"Image\" class=\"wp-image-157100\" \/><\/figure>\n","protected":false},"excerpt":{"rendered":"<p>L\u2019avaluaci\u00f3 \u00e9s un proc\u00e9s que ha de servir per estimar la magnitud dels riscos laborals presents a cada lloc de treball i que no s\u2019hagin pogut evitar, aix\u00ed com per &#8230; <a title=\"Avaluaci\u00f3 de riscos: algunes nocions b\u00e0siques\" class=\"read-more\" href=\"https:\/\/ccoo.app\/ics\/noticies\/avaluacio-de-riscos-algunes-nocions-basiques\/\" aria-label=\"M\u00e9s informaci\u00f3 sobre Avaluaci\u00f3 de riscos: algunes nocions b\u00e0siques\">Read more<\/a><\/p>\n","protected":false},"author":4386,"featured_media":32705,"comment_status":"closed","ping_status":"closed","sticky":false,"template":"","format":"standard","meta":{"footnotes":""},"categories":[1,8],"tags":[],"area":[],"class_list":["post-32703","post","type-post","status-publish","format-standard","has-post-thumbnail","hentry","category-noticies","category-salut-laboral","generate-columns","tablet-grid-50","mobile-grid-100","grid-parent","grid-50"],"_links":{"self":[{"href":"https:\/\/ccoo.app\/ics\/wp-json\/wp\/v2\/posts\/32703","targetHints":{"allow":["GET"]}}],"collection":[{"href":"https:\/\/ccoo.app\/ics\/wp-json\/wp\/v2\/posts"}],"about":[{"href":"https:\/\/ccoo.app\/ics\/wp-json\/wp\/v2\/types\/post"}],"author":[{"embeddable":true,"href":"https:\/\/ccoo.app\/ics\/wp-json\/wp\/v2\/users\/4386"}],"replies":[{"embeddable":true,"href":"https:\/\/ccoo.app\/ics\/wp-json\/wp\/v2\/comments?post=32703"}],"version-history":[{"count":1,"href":"https:\/\/ccoo.app\/ics\/wp-json\/wp\/v2\/posts\/32703\/revisions"}],"predecessor-version":[{"id":32706,"href":"https:\/\/ccoo.app\/ics\/wp-json\/wp\/v2\/posts\/32703\/revisions\/32706"}],"wp:featuredmedia":[{"embeddable":true,"href":"https:\/\/ccoo.app\/ics\/wp-json\/wp\/v2\/media\/32705"}],"wp:attachment":[{"href":"https:\/\/ccoo.app\/ics\/wp-json\/wp\/v2\/media?parent=32703"}],"wp:term":[{"taxonomy":"category","embeddable":true,"href":"https:\/\/ccoo.app\/ics\/wp-json\/wp\/v2\/categories?post=32703"},{"taxonomy":"post_tag","embeddable":true,"href":"https:\/\/ccoo.app\/ics\/wp-json\/wp\/v2\/tags?post=32703"},{"taxonomy":"area","embeddable":true,"href":"https:\/\/ccoo.app\/ics\/wp-json\/wp\/v2\/area?post=32703"}],"curies":[{"name":"wp","href":"https:\/\/api.w.org\/{rel}","templated":true}]}}