{"id":32698,"date":"2025-09-18T11:32:02","date_gmt":"2025-09-18T09:32:02","guid":{"rendered":"https:\/\/ccoo.app\/ics\/?p=32698"},"modified":"2025-09-15T11:37:04","modified_gmt":"2025-09-15T09:37:04","slug":"que-la-teva-veu-no-estigui-en-risc","status":"publish","type":"post","link":"https:\/\/ccoo.app\/ics\/noticies\/que-la-teva-veu-no-estigui-en-risc\/","title":{"rendered":"Que la teva veu no estigui en risc"},"content":{"rendered":"\n<h3 class=\"wp-block-heading\">L\u2019\u00fas continuat de la veu \u00e9s un risc laboral quan es treballa en condicions ambientals i organitzatives poc adients que poden ocasionar trastorns vocals.<\/h3>\n\n\n\n<figure class=\"wp-block-image size-large\"><img decoding=\"async\" src=\"https:\/\/ccoo.app\/ics\/wp-content\/blogs.dir\/6\/files\/sites\/200\/2025\/09\/infografia_sl_07025-1-1-pdf-724x1024.jpg\" alt=\"\" class=\"wp-image-32699\" \/><\/figure>\n\n\n\n<p>El professorat, els professionals dels centres d\u2019atenci\u00f3 multicanal (<em>contact center<\/em>), de la can\u00e7\u00f3 i la locuci\u00f3, i qualssevol altres que utilitzin la veu com a eina principal de treball constitueixen els col\u00b7lectius amb major risc a l\u2019hora de desenvolupar patologies vocals.<\/p>\n\n\n\n<p><strong>Factors de risc:<\/strong><\/p>\n\n\n\n<ul class=\"wp-block-list\">\n<li>Condicions ambientals: soroll, temperatura, humitat relativa, corrents d\u2019aire o poca ventilaci\u00f3, productes irritants o altres contaminants, etc.<\/li>\n\n\n\n<li>Condicions materials: manca de sistemes d\u2019amplificaci\u00f3 de la veu, no disposar d\u2019aigua potable per hidratar les cordes vocals, etc.<\/li>\n\n\n\n<li>Ergon\u00f2mics: adoptar postures inadequades, combinar l\u2019exercici f\u00edsic amb l\u2019\u00fas de la veu, etc.<\/li>\n\n\n\n<li>Organitzatius: ritme de treball elevat, pauses insuficients, abs\u00e8ncia de formaci\u00f3, situacions de tensi\u00f3 emocional, etc.<\/li>\n<\/ul>\n\n\n\n<p><strong>S\u00edmptomes d\u2019alerta<\/strong>:<\/p>\n\n\n\n<p>Dolor i tensi\u00f3 al coll, veu ronca o trencada, necessitat d\u2019aclarir la veu (tossir), fatiga vocal o feblesa de la veu, raspera, dificultat per mantenir la veu en finalitzar la jornada, etc.<\/p>\n\n\n\n<p><strong>Efectes sobre la salut:<\/strong>&nbsp;afonia, disfonia i n\u00f2duls de les cordes vocal.<\/p>\n\n\n\n<p>Les disfonies s\u00f3n m\u00e9s freq\u00fcents en les dones a causa del deteriorament del col\u00b7lagen i de l\u2019\u00e0cid hialur\u00f2nic present a les cordes vocal derivat de l\u2019envelliment i les modificacions hormonals del sexe femen\u00ed.<\/p>\n\n\n\n<p><strong>QUAN TREBALLES TENS DRET QUE NO ES POSI EN RISC LA TEVA VEU. PER AIX\u00d2 LA TEVA EMPRESA T\u2019HA DE GARANTIR:<\/strong><\/p>\n\n\n\n<ul class=\"wp-block-list\">\n<li>Condicions de treball i espais adequats.<\/li>\n\n\n\n<li>L\u2019adaptaci\u00f3 del treball en funci\u00f3 de la teva edat, sexe i altres condicions de salut (asma, laringitis, etc.).<\/li>\n\n\n\n<li>Una vigil\u00e0ncia de la salut amb reconeixements m\u00e8dics espec\u00edfics per a la detecci\u00f3 preco\u00e7 de possibles danys a la veu.<\/li>\n<\/ul>\n\n\n\n<p><strong>Revisa el teu conveni col\u00b7lectiu: pot recollir drets espec\u00edfics per a la protecci\u00f3 de la veu.<\/strong><\/p>\n\n\n\n<div data-wp-interactive=\"core\/file\" class=\"wp-block-file\"><object data-wp-bind--hidden=\"!state.hasPdfPreview\" hidden class=\"wp-block-file__embed\" data=\"https:\/\/ccoo.app\/ics\/wp-content\/blogs.dir\/6\/files\/sites\/200\/2025\/09\/infografia_sl_07025-1.pdf\" type=\"application\/pdf\" style=\"width:100%;height:580px\" aria-label=\"Incrustaci\u00f3 del fitxer infografia_sl_07025-1.\"><\/object><a id=\"wp-block-file--media-895de61c-3e9c-45c8-b998-df5e8f78a52b\" href=\"https:\/\/ccoo.app\/ics\/wp-content\/blogs.dir\/6\/files\/sites\/200\/2025\/09\/infografia_sl_07025-1.pdf\">infografia_sl_07025-1<\/a><a href=\"https:\/\/ccoo.app\/ics\/wp-content\/blogs.dir\/6\/files\/sites\/200\/2025\/09\/infografia_sl_07025-1.pdf\" class=\"wp-block-file__button wp-element-button\" download aria-describedby=\"wp-block-file--media-895de61c-3e9c-45c8-b998-df5e8f78a52b\">Baixa<\/a><\/div>\n\n\n\n<p><\/p>\n\n\n\n<p><strong>Amb el suport de:<\/strong><\/p>\n\n\n\n<figure class=\"wp-block-image\"><img decoding=\"async\" src=\"https:\/\/www.ccoo.cat\/wp-content\/uploads\/2025\/07\/image.png\" alt=\"Image\" class=\"wp-image-157100\" \/><\/figure>\n","protected":false},"excerpt":{"rendered":"<p>L\u2019\u00fas continuat de la veu \u00e9s un risc laboral quan es treballa en condicions ambientals i organitzatives poc adients que poden ocasionar trastorns vocals. El professorat, els professionals dels centres &#8230; <a title=\"Que la teva veu no estigui en risc\" class=\"read-more\" href=\"https:\/\/ccoo.app\/ics\/noticies\/que-la-teva-veu-no-estigui-en-risc\/\" aria-label=\"M\u00e9s informaci\u00f3 sobre Que la teva veu no estigui en risc\">Read more<\/a><\/p>\n","protected":false},"author":4386,"featured_media":32699,"comment_status":"closed","ping_status":"closed","sticky":false,"template":"","format":"standard","meta":{"footnotes":""},"categories":[1,8],"tags":[],"area":[],"class_list":["post-32698","post","type-post","status-publish","format-standard","has-post-thumbnail","hentry","category-noticies","category-salut-laboral","generate-columns","tablet-grid-50","mobile-grid-100","grid-parent","grid-50"],"_links":{"self":[{"href":"https:\/\/ccoo.app\/ics\/wp-json\/wp\/v2\/posts\/32698","targetHints":{"allow":["GET"]}}],"collection":[{"href":"https:\/\/ccoo.app\/ics\/wp-json\/wp\/v2\/posts"}],"about":[{"href":"https:\/\/ccoo.app\/ics\/wp-json\/wp\/v2\/types\/post"}],"author":[{"embeddable":true,"href":"https:\/\/ccoo.app\/ics\/wp-json\/wp\/v2\/users\/4386"}],"replies":[{"embeddable":true,"href":"https:\/\/ccoo.app\/ics\/wp-json\/wp\/v2\/comments?post=32698"}],"version-history":[{"count":2,"href":"https:\/\/ccoo.app\/ics\/wp-json\/wp\/v2\/posts\/32698\/revisions"}],"predecessor-version":[{"id":32702,"href":"https:\/\/ccoo.app\/ics\/wp-json\/wp\/v2\/posts\/32698\/revisions\/32702"}],"wp:featuredmedia":[{"embeddable":true,"href":"https:\/\/ccoo.app\/ics\/wp-json\/wp\/v2\/media\/32699"}],"wp:attachment":[{"href":"https:\/\/ccoo.app\/ics\/wp-json\/wp\/v2\/media?parent=32698"}],"wp:term":[{"taxonomy":"category","embeddable":true,"href":"https:\/\/ccoo.app\/ics\/wp-json\/wp\/v2\/categories?post=32698"},{"taxonomy":"post_tag","embeddable":true,"href":"https:\/\/ccoo.app\/ics\/wp-json\/wp\/v2\/tags?post=32698"},{"taxonomy":"area","embeddable":true,"href":"https:\/\/ccoo.app\/ics\/wp-json\/wp\/v2\/area?post=32698"}],"curies":[{"name":"wp","href":"https:\/\/api.w.org\/{rel}","templated":true}]}}